{"id":2241,"date":"2020-02-19T14:53:52","date_gmt":"2020-02-19T12:53:52","guid":{"rendered":"http:\/\/nina-schneider.com\/?p=2241"},"modified":"2020-02-19T14:54:42","modified_gmt":"2020-02-19T12:54:42","slug":"kuenstlergespraech-22-februar-2020-in-der-galerie-helle-coppi","status":"publish","type":"post","link":"https:\/\/nina-schneider.com\/?p=2241","title":{"rendered":"K\u00fcnstlergespr\u00e4ch 22. Februar 2020 in der Galerie Helle Coppi"},"content":{"rendered":"\n<p><strong>Finissage<\/strong>&nbsp;und&nbsp;<strong>K\u00fcnstlergespr\u00e4ch<\/strong><br>am Samstag, den 22. Februar ab 16 Uhr in der Galerie HELLE COPPI, Auguststra\u00dfe 83, Berlin<br>Nina Schneider und Klaus Schifferm\u00fcller stellen sich den Fragen der Galeristinnen und der Besucher.<\/p>\n","protected":false},"excerpt":{"rendered":"<p>Finissage&nbsp;und&nbsp;K\u00fcnstlergespr\u00e4cham Samstag, den 22. Februar ab 16 Uhr in der Galerie HELLE COPPI, Auguststra\u00dfe 83, BerlinNina Schneider und Klaus Schifferm\u00fcller stellen sich den Fragen der Galeristinnen und der Besucher.<\/p>\n","protected":false},"author":1,"featured_media":2242,"comment_status":"closed","ping_status":"open","sticky":false,"template":"","format":"image","meta":{"footnotes":""},"categories":[1],"tags":[],"class_list":["post-2241","post","type-post","status-publish","format-image","has-post-thumbnail","hentry","category-allgemein","post_format-post-format-image"],"yoast_head":"<!-- This site is optimized with the Yoast SEO plugin v27.2 - https:\/\/yoast.com\/product\/yoast-seo-wordpress\/ -->\n<title>K\u00fcnstlergespr\u00e4ch 22. Februar 2020 in der Galerie Helle Coppi - Nina Schneider Illustration<\/title>\n<meta name=\"robots\" content=\"noindex, follow\" \/>\n<meta property=\"og:locale\" content=\"de_DE\" \/>\n<meta property=\"og:type\" content=\"article\" \/>\n<meta property=\"og:title\" content=\"K\u00fcnstlergespr\u00e4ch 22. Februar 2020 in der Galerie Helle Coppi - Nina Schneider Illustration\" \/>\n<meta property=\"og:description\" content=\"Finissage&nbsp;und&nbsp;K\u00fcnstlergespr\u00e4cham Samstag, den 22. Februar ab 16 Uhr in der Galerie HELLE COPPI, Auguststra\u00dfe 83, BerlinNina Schneider und Klaus Schifferm\u00fcller stellen sich den Fragen der Galeristinnen und der Besucher.\" \/>\n<meta property=\"og:url\" content=\"https:\/\/nina-schneider.com\/?p=2241\" \/>\n<meta property=\"og:site_name\" content=\"Nina Schneider Illustration\" \/>\n<meta property=\"article:published_time\" content=\"2020-02-19T12:53:52+00:00\" \/>\n<meta property=\"article:modified_time\" content=\"2020-02-19T12:54:42+00:00\" \/>\n<meta property=\"og:image\" content=\"https:\/\/nina-schneider.com\/wp-content\/uploads\/Ku\u0308nstlergespra\u0308ch.jpg\" \/>\n\t<meta property=\"og:image:width\" content=\"1748\" \/>\n\t<meta property=\"og:image:height\" content=\"1748\" \/>\n\t<meta property=\"og:image:type\" content=\"image\/jpeg\" \/>\n<meta name=\"author\" content=\"nina\" \/>\n<meta name=\"twitter:card\" content=\"summary_large_image\" \/>\n<meta name=\"twitter:label1\" content=\"Verfasst von\" \/>\n\t<meta name=\"twitter:data1\" content=\"nina\" \/>\n<script type=\"application\/ld+json\" class=\"yoast-schema-graph\">{\"@context\":\"https:\/\/schema.org\",\"@graph\":[{\"@type\":\"Article\",\"@id\":\"https:\/\/nina-schneider.com\/?p=2241#article\",\"isPartOf\":{\"@id\":\"https:\/\/nina-schneider.com\/?p=2241\"},\"author\":{\"name\":\"nina\",\"@id\":\"https:\/\/nina-schneider.com\/#\/schema\/person\/c307f973025a90e959deab346cd6243e\"},\"headline\":\"K\u00fcnstlergespr\u00e4ch 22. Februar 2020 in der Galerie Helle Coppi\",\"datePublished\":\"2020-02-19T12:53:52+00:00\",\"dateModified\":\"2020-02-19T12:54:42+00:00\",\"mainEntityOfPage\":{\"@id\":\"https:\/\/nina-schneider.com\/?p=2241\"},\"wordCount\":44,\"publisher\":{\"@id\":\"https:\/\/nina-schneider.com\/#organization\"},\"image\":{\"@id\":\"https:\/\/nina-schneider.com\/?p=2241#primaryimage\"},\"thumbnailUrl\":\"https:\/\/nina-schneider.com\/wp-content\/uploads\/Ku\u0308nstlergespra\u0308ch.jpg\",\"inLanguage\":\"de\"},{\"@type\":\"WebPage\",\"@id\":\"https:\/\/nina-schneider.com\/?p=2241\",\"url\":\"https:\/\/nina-schneider.com\/?p=2241\",\"name\":\"K\u00fcnstlergespr\u00e4ch 22. Februar 2020 in der Galerie Helle Coppi - Nina Schneider Illustration\",\"isPartOf\":{\"@id\":\"https:\/\/nina-schneider.com\/#website\"},\"primaryImageOfPage\":{\"@id\":\"https:\/\/nina-schneider.com\/?p=2241#primaryimage\"},\"image\":{\"@id\":\"https:\/\/nina-schneider.com\/?p=2241#primaryimage\"},\"thumbnailUrl\":\"https:\/\/nina-schneider.com\/wp-content\/uploads\/Ku\u0308nstlergespra\u0308ch.jpg\",\"datePublished\":\"2020-02-19T12:53:52+00:00\",\"dateModified\":\"2020-02-19T12:54:42+00:00\",\"breadcrumb\":{\"@id\":\"https:\/\/nina-schneider.com\/?p=2241#breadcrumb\"},\"inLanguage\":\"de\",\"potentialAction\":[{\"@type\":\"ReadAction\",\"target\":[\"https:\/\/nina-schneider.com\/?p=2241\"]}]},{\"@type\":\"ImageObject\",\"inLanguage\":\"de\",\"@id\":\"https:\/\/nina-schneider.com\/?p=2241#primaryimage\",\"url\":\"https:\/\/nina-schneider.com\/wp-content\/uploads\/Ku\u0308nstlergespra\u0308ch.jpg\",\"contentUrl\":\"https:\/\/nina-schneider.com\/wp-content\/uploads\/Ku\u0308nstlergespra\u0308ch.jpg\",\"width\":1748,\"height\":1748},{\"@type\":\"BreadcrumbList\",\"@id\":\"https:\/\/nina-schneider.com\/?p=2241#breadcrumb\",\"itemListElement\":[{\"@type\":\"ListItem\",\"position\":1,\"name\":\"Startseite\",\"item\":\"https:\/\/nina-schneider.com\/\"},{\"@type\":\"ListItem\",\"position\":2,\"name\":\"K\u00fcnstlergespr\u00e4ch 22. Februar 2020 in der Galerie Helle Coppi\"}]},{\"@type\":\"WebSite\",\"@id\":\"https:\/\/nina-schneider.com\/#website\",\"url\":\"https:\/\/nina-schneider.com\/\",\"name\":\"Nina Schneider Illustration\",\"description\":\"+49 (0)151 419 362 21 post(at)nina-schneider.com\",\"publisher\":{\"@id\":\"https:\/\/nina-schneider.com\/#organization\"},\"potentialAction\":[{\"@type\":\"SearchAction\",\"target\":{\"@type\":\"EntryPoint\",\"urlTemplate\":\"https:\/\/nina-schneider.com\/?s={search_term_string}\"},\"query-input\":{\"@type\":\"PropertyValueSpecification\",\"valueRequired\":true,\"valueName\":\"search_term_string\"}}],\"inLanguage\":\"de\"},{\"@type\":\"Organization\",\"@id\":\"https:\/\/nina-schneider.com\/#organization\",\"name\":\"Nina Schneider Illustration\",\"url\":\"https:\/\/nina-schneider.com\/\",\"logo\":{\"@type\":\"ImageObject\",\"inLanguage\":\"de\",\"@id\":\"https:\/\/nina-schneider.com\/#\/schema\/logo\/image\/\",\"url\":\"https:\/\/nina-schneider.com\/wp-content\/uploads\/logo_transparent.png\",\"contentUrl\":\"https:\/\/nina-schneider.com\/wp-content\/uploads\/logo_transparent.png\",\"width\":600,\"height\":132,\"caption\":\"Nina Schneider Illustration\"},\"image\":{\"@id\":\"https:\/\/nina-schneider.com\/#\/schema\/logo\/image\/\"},\"sameAs\":[\"https:\/\/www.instagram.com\/illustration_nina_schneider\/\"]},{\"@type\":\"Person\",\"@id\":\"https:\/\/nina-schneider.com\/#\/schema\/person\/c307f973025a90e959deab346cd6243e\",\"name\":\"nina\",\"image\":{\"@type\":\"ImageObject\",\"inLanguage\":\"de\",\"@id\":\"https:\/\/secure.gravatar.com\/avatar\/f3c9acc5d4566622f86fae90c42e1f452d313324c9f7c0996d051a1d3e81fff6?s=96&d=mm&r=g\",\"url\":\"https:\/\/secure.gravatar.com\/avatar\/f3c9acc5d4566622f86fae90c42e1f452d313324c9f7c0996d051a1d3e81fff6?s=96&d=mm&r=g\",\"contentUrl\":\"https:\/\/secure.gravatar.com\/avatar\/f3c9acc5d4566622f86fae90c42e1f452d313324c9f7c0996d051a1d3e81fff6?s=96&d=mm&r=g\",\"caption\":\"nina\"},\"url\":\"https:\/\/nina-schneider.com\/?author=1\"}]}<\/script>\n<!-- \/ Yoast SEO plugin. -->","yoast_head_json":{"title":"K\u00fcnstlergespr\u00e4ch 22. Februar 2020 in der Galerie Helle Coppi - Nina Schneider Illustration","robots":{"index":"noindex","follow":"follow"},"og_locale":"de_DE","og_type":"article","og_title":"K\u00fcnstlergespr\u00e4ch 22. Februar 2020 in der Galerie Helle Coppi - Nina Schneider Illustration","og_description":"Finissage&nbsp;und&nbsp;K\u00fcnstlergespr\u00e4cham Samstag, den 22. Februar ab 16 Uhr in der Galerie HELLE COPPI, Auguststra\u00dfe 83, BerlinNina Schneider und Klaus Schifferm\u00fcller stellen sich den Fragen der Galeristinnen und der Besucher.","og_url":"https:\/\/nina-schneider.com\/?p=2241","og_site_name":"Nina Schneider Illustration","article_published_time":"2020-02-19T12:53:52+00:00","article_modified_time":"2020-02-19T12:54:42+00:00","og_image":[{"width":1748,"height":1748,"url":"https:\/\/nina-schneider.com\/wp-content\/uploads\/Ku\u0308nstlergespra\u0308ch.jpg","type":"image\/jpeg"}],"author":"nina","twitter_card":"summary_large_image","twitter_misc":{"Verfasst von":"nina"},"schema":{"@context":"https:\/\/schema.org","@graph":[{"@type":"Article","@id":"https:\/\/nina-schneider.com\/?p=2241#article","isPartOf":{"@id":"https:\/\/nina-schneider.com\/?p=2241"},"author":{"name":"nina","@id":"https:\/\/nina-schneider.com\/#\/schema\/person\/c307f973025a90e959deab346cd6243e"},"headline":"K\u00fcnstlergespr\u00e4ch 22. Februar 2020 in der Galerie Helle Coppi","datePublished":"2020-02-19T12:53:52+00:00","dateModified":"2020-02-19T12:54:42+00:00","mainEntityOfPage":{"@id":"https:\/\/nina-schneider.com\/?p=2241"},"wordCount":44,"publisher":{"@id":"https:\/\/nina-schneider.com\/#organization"},"image":{"@id":"https:\/\/nina-schneider.com\/?p=2241#primaryimage"},"thumbnailUrl":"https:\/\/nina-schneider.com\/wp-content\/uploads\/Ku\u0308nstlergespra\u0308ch.jpg","inLanguage":"de"},{"@type":"WebPage","@id":"https:\/\/nina-schneider.com\/?p=2241","url":"https:\/\/nina-schneider.com\/?p=2241","name":"K\u00fcnstlergespr\u00e4ch 22. Februar 2020 in der Galerie Helle Coppi - Nina Schneider Illustration","isPartOf":{"@id":"https:\/\/nina-schneider.com\/#website"},"primaryImageOfPage":{"@id":"https:\/\/nina-schneider.com\/?p=2241#primaryimage"},"image":{"@id":"https:\/\/nina-schneider.com\/?p=2241#primaryimage"},"thumbnailUrl":"https:\/\/nina-schneider.com\/wp-content\/uploads\/Ku\u0308nstlergespra\u0308ch.jpg","datePublished":"2020-02-19T12:53:52+00:00","dateModified":"2020-02-19T12:54:42+00:00","breadcrumb":{"@id":"https:\/\/nina-schneider.com\/?p=2241#breadcrumb"},"inLanguage":"de","potentialAction":[{"@type":"ReadAction","target":["https:\/\/nina-schneider.com\/?p=2241"]}]},{"@type":"ImageObject","inLanguage":"de","@id":"https:\/\/nina-schneider.com\/?p=2241#primaryimage","url":"https:\/\/nina-schneider.com\/wp-content\/uploads\/Ku\u0308nstlergespra\u0308ch.jpg","contentUrl":"https:\/\/nina-schneider.com\/wp-content\/uploads\/Ku\u0308nstlergespra\u0308ch.jpg","width":1748,"height":1748},{"@type":"BreadcrumbList","@id":"https:\/\/nina-schneider.com\/?p=2241#breadcrumb","itemListElement":[{"@type":"ListItem","position":1,"name":"Startseite","item":"https:\/\/nina-schneider.com\/"},{"@type":"ListItem","position":2,"name":"K\u00fcnstlergespr\u00e4ch 22. Februar 2020 in der Galerie Helle Coppi"}]},{"@type":"WebSite","@id":"https:\/\/nina-schneider.com\/#website","url":"https:\/\/nina-schneider.com\/","name":"Nina Schneider Illustration","description":"+49 (0)151 419 362 21 post(at)nina-schneider.com","publisher":{"@id":"https:\/\/nina-schneider.com\/#organization"},"potentialAction":[{"@type":"SearchAction","target":{"@type":"EntryPoint","urlTemplate":"https:\/\/nina-schneider.com\/?s={search_term_string}"},"query-input":{"@type":"PropertyValueSpecification","valueRequired":true,"valueName":"search_term_string"}}],"inLanguage":"de"},{"@type":"Organization","@id":"https:\/\/nina-schneider.com\/#organization","name":"Nina Schneider Illustration","url":"https:\/\/nina-schneider.com\/","logo":{"@type":"ImageObject","inLanguage":"de","@id":"https:\/\/nina-schneider.com\/#\/schema\/logo\/image\/","url":"https:\/\/nina-schneider.com\/wp-content\/uploads\/logo_transparent.png","contentUrl":"https:\/\/nina-schneider.com\/wp-content\/uploads\/logo_transparent.png","width":600,"height":132,"caption":"Nina Schneider Illustration"},"image":{"@id":"https:\/\/nina-schneider.com\/#\/schema\/logo\/image\/"},"sameAs":["https:\/\/www.instagram.com\/illustration_nina_schneider\/"]},{"@type":"Person","@id":"https:\/\/nina-schneider.com\/#\/schema\/person\/c307f973025a90e959deab346cd6243e","name":"nina","image":{"@type":"ImageObject","inLanguage":"de","@id":"https:\/\/secure.gravatar.com\/avatar\/f3c9acc5d4566622f86fae90c42e1f452d313324c9f7c0996d051a1d3e81fff6?s=96&d=mm&r=g","url":"https:\/\/secure.gravatar.com\/avatar\/f3c9acc5d4566622f86fae90c42e1f452d313324c9f7c0996d051a1d3e81fff6?s=96&d=mm&r=g","contentUrl":"https:\/\/secure.gravatar.com\/avatar\/f3c9acc5d4566622f86fae90c42e1f452d313324c9f7c0996d051a1d3e81fff6?s=96&d=mm&r=g","caption":"nina"},"url":"https:\/\/nina-schneider.com\/?author=1"}]}},"_links":{"self":[{"href":"https:\/\/nina-schneider.com\/index.php?rest_route=\/wp\/v2\/posts\/2241","targetHints":{"allow":["GET"]}}],"collection":[{"href":"https:\/\/nina-schneider.com\/index.php?rest_route=\/wp\/v2\/posts"}],"about":[{"href":"https:\/\/nina-schneider.com\/index.php?rest_route=\/wp\/v2\/types\/post"}],"author":[{"embeddable":true,"href":"https:\/\/nina-schneider.com\/index.php?rest_route=\/wp\/v2\/users\/1"}],"replies":[{"embeddable":true,"href":"https:\/\/nina-schneider.com\/index.php?rest_route=%2Fwp%2Fv2%2Fcomments&post=2241"}],"version-history":[{"count":2,"href":"https:\/\/nina-schneider.com\/index.php?rest_route=\/wp\/v2\/posts\/2241\/revisions"}],"predecessor-version":[{"id":2244,"href":"https:\/\/nina-schneider.com\/index.php?rest_route=\/wp\/v2\/posts\/2241\/revisions\/2244"}],"wp:featuredmedia":[{"embeddable":true,"href":"https:\/\/nina-schneider.com\/index.php?rest_route=\/wp\/v2\/media\/2242"}],"wp:attachment":[{"href":"https:\/\/nina-schneider.com\/index.php?rest_route=%2Fwp%2Fv2%2Fmedia&parent=2241"}],"wp:term":[{"taxonomy":"category","embeddable":true,"href":"https:\/\/nina-schneider.com\/index.php?rest_route=%2Fwp%2Fv2%2Fcategories&post=2241"},{"taxonomy":"post_tag","embeddable":true,"href":"https:\/\/nina-schneider.com\/index.php?rest_route=%2Fwp%2Fv2%2Ftags&post=2241"}],"curies":[{"name":"wp","href":"https:\/\/api.w.org\/{rel}","templated":true}]}}