{"id":2076,"date":"2017-11-11T21:50:42","date_gmt":"2017-11-11T19:50:42","guid":{"rendered":"http:\/\/nina-schneider.com\/?p=2076"},"modified":"2017-11-11T21:51:15","modified_gmt":"2017-11-11T19:51:15","slug":"denk-mal-ein-illustriertes-gedenken-an-den-schueler-paul-oettinger-und-den-schandmarsch-in-regensburg","status":"publish","type":"post","link":"https:\/\/nina-schneider.com\/?p=2076","title":{"rendered":"&#8222;Denk-mal&#8220;: ein illustriertes Gedenken an den Sch\u00fcler Paul \u00d6ttinger und den Schandmarsch in Regensburg"},"content":{"rendered":"<div class=\"_5x46 _1yz1 clearfix\"><\/div>\n<div id=\"js_w\" class=\"_5pbx userContent _3576\" data-ft=\"{&quot;tn&quot;:&quot;K&quot;}\">\n<p>Am 09.11.2017 um 16.30 Uhr enth\u00fcllten Regensburger Sch\u00fclerInnen des Albrecht Altdorfer Gymnasiums ein Gedenkbild an den j\u00fcdischen Sch\u00fcler Paul \u00d6ttinger, der in der NS-Zeit die Schule verlassen musste.<br \/>\nIch freue mich, dass ich es im Austausch mit den Sch\u00fclern gestalten durfte!<\/p>\n<\/div>\n\n\t\t<style type=\"text\/css\">\n\t\t\t#gallery-1 {\n\t\t\t\tmargin: auto;\n\t\t\t}\n\t\t\t#gallery-1 .gallery-item {\n\t\t\t\tfloat: left;\n\t\t\t\tmargin-top: 10px;\n\t\t\t\ttext-align: center;\n\t\t\t\twidth: 33%;\n\t\t\t}\n\t\t\t#gallery-1 img {\n\t\t\t\tborder: 2px solid #cfcfcf;\n\t\t\t}\n\t\t\t#gallery-1 .gallery-caption {\n\t\t\t\tmargin-left: 0;\n\t\t\t}\n\t\t\t\/* see gallery_shortcode() in wp-includes\/media.php *\/\n\t\t<\/style>\n\t\t<div id='gallery-1' class='gallery galleryid-2076 gallery-columns-3 gallery-size-thumbnail'><dl class='gallery-item'>\n\t\t\t<dt class='gallery-icon landscape'>\n\t\t\t\t<a href='https:\/\/nina-schneider.com\/wp-content\/uploads\/illu_aag_aenderung_palaestina.png'><img loading=\"lazy\" decoding=\"async\" width=\"150\" height=\"150\" src=\"https:\/\/nina-schneider.com\/wp-content\/uploads\/illu_aag_aenderung_palaestina-150x150.png\" class=\"attachment-thumbnail size-thumbnail\" alt=\"paul \u00f6ttinger schandmarsch regensburg jude sch\u00fcler ns-zeit\" \/><\/a>\n\t\t\t<\/dt><\/dl><dl class='gallery-item'>\n\t\t\t<dt class='gallery-icon landscape'>\n\t\t\t\t<a href='https:\/\/nina-schneider.com\/wp-content\/uploads\/23509208_1632991276758829_5883581364654783192_o.jpg'><img loading=\"lazy\" decoding=\"async\" width=\"150\" height=\"150\" src=\"https:\/\/nina-schneider.com\/wp-content\/uploads\/23509208_1632991276758829_5883581364654783192_o-150x150.jpg\" class=\"attachment-thumbnail size-thumbnail\" alt=\"\" srcset=\"https:\/\/nina-schneider.com\/wp-content\/uploads\/23509208_1632991276758829_5883581364654783192_o-150x150.jpg 150w, https:\/\/nina-schneider.com\/wp-content\/uploads\/23509208_1632991276758829_5883581364654783192_o-300x300.jpg 300w, https:\/\/nina-schneider.com\/wp-content\/uploads\/23509208_1632991276758829_5883581364654783192_o-768x768.jpg 768w, https:\/\/nina-schneider.com\/wp-content\/uploads\/23509208_1632991276758829_5883581364654783192_o-1024x1024.jpg 1024w\" sizes=\"auto, (max-width: 150px) 100vw, 150px\" \/><\/a>\n\t\t\t<\/dt><\/dl>\n\t\t\t<br style='clear: both' \/>\n\t\t<\/div>\n\n","protected":false},"excerpt":{"rendered":"<p>Am 09.11.2017 um 16.30 Uhr enth\u00fcllten Regensburger Sch\u00fclerInnen des Albrecht Altdorfer Gymnasiums ein Gedenkbild an den j\u00fcdischen Sch\u00fcler Paul \u00d6ttinger, der in der NS-Zeit die Schule verlassen musste. Ich freue mich, dass ich es im Austausch mit den Sch\u00fclern gestalten [&hellip;]<\/p>\n","protected":false},"author":1,"featured_media":2077,"comment_status":"closed","ping_status":"open","sticky":false,"template":"","format":"image","meta":{"footnotes":""},"categories":[3],"tags":[],"class_list":["post-2076","post","type-post","status-publish","format-image","has-post-thumbnail","hentry","category-illustration","post_format-post-format-image"],"yoast_head":"<!-- This site is optimized with the Yoast SEO plugin v27.2 - https:\/\/yoast.com\/product\/yoast-seo-wordpress\/ -->\n<title>&quot;Denk-mal&quot;: ein illustriertes Gedenken an den Sch\u00fcler Paul \u00d6ttinger und den Schandmarsch in Regensburg - Nina Schneider Illustration<\/title>\n<meta name=\"robots\" content=\"noindex, follow\" \/>\n<meta property=\"og:locale\" content=\"de_DE\" \/>\n<meta property=\"og:type\" content=\"article\" \/>\n<meta property=\"og:title\" content=\"&quot;Denk-mal&quot;: ein illustriertes Gedenken an den Sch\u00fcler Paul \u00d6ttinger und den Schandmarsch in Regensburg - Nina Schneider Illustration\" \/>\n<meta property=\"og:description\" content=\"Am 09.11.2017 um 16.30 Uhr enth\u00fcllten Regensburger Sch\u00fclerInnen des Albrecht Altdorfer Gymnasiums ein Gedenkbild an den j\u00fcdischen Sch\u00fcler Paul \u00d6ttinger, der in der NS-Zeit die Schule verlassen musste. Ich freue mich, dass ich es im Austausch mit den Sch\u00fclern gestalten [&hellip;]\" \/>\n<meta property=\"og:url\" content=\"https:\/\/nina-schneider.com\/?p=2076\" \/>\n<meta property=\"og:site_name\" content=\"Nina Schneider Illustration\" \/>\n<meta property=\"article:published_time\" content=\"2017-11-11T19:50:42+00:00\" \/>\n<meta property=\"article:modified_time\" content=\"2017-11-11T19:51:15+00:00\" \/>\n<meta property=\"og:image\" content=\"https:\/\/nina-schneider.com\/wp-content\/uploads\/illu_aag_aenderung_palaestina-1024x514.png\" \/>\n\t<meta property=\"og:image:width\" content=\"1024\" \/>\n\t<meta property=\"og:image:height\" content=\"514\" \/>\n\t<meta property=\"og:image:type\" content=\"image\/png\" \/>\n<meta name=\"author\" content=\"nina\" \/>\n<meta name=\"twitter:card\" content=\"summary_large_image\" \/>\n<meta name=\"twitter:label1\" content=\"Verfasst von\" \/>\n\t<meta name=\"twitter:data1\" content=\"nina\" \/>\n<script type=\"application\/ld+json\" class=\"yoast-schema-graph\">{\"@context\":\"https:\/\/schema.org\",\"@graph\":[{\"@type\":\"Article\",\"@id\":\"https:\/\/nina-schneider.com\/?p=2076#article\",\"isPartOf\":{\"@id\":\"https:\/\/nina-schneider.com\/?p=2076\"},\"author\":{\"name\":\"nina\",\"@id\":\"https:\/\/nina-schneider.com\/#\/schema\/person\/c307f973025a90e959deab346cd6243e\"},\"headline\":\"&#8222;Denk-mal&#8220;: ein illustriertes Gedenken an den Sch\u00fcler Paul \u00d6ttinger und den Schandmarsch in Regensburg\",\"datePublished\":\"2017-11-11T19:50:42+00:00\",\"dateModified\":\"2017-11-11T19:51:15+00:00\",\"mainEntityOfPage\":{\"@id\":\"https:\/\/nina-schneider.com\/?p=2076\"},\"wordCount\":63,\"publisher\":{\"@id\":\"https:\/\/nina-schneider.com\/#organization\"},\"image\":{\"@id\":\"https:\/\/nina-schneider.com\/?p=2076#primaryimage\"},\"thumbnailUrl\":\"https:\/\/nina-schneider.com\/wp-content\/uploads\/illu_aag_aenderung_palaestina.png\",\"articleSection\":[\"Illustration\"],\"inLanguage\":\"de\"},{\"@type\":\"WebPage\",\"@id\":\"https:\/\/nina-schneider.com\/?p=2076\",\"url\":\"https:\/\/nina-schneider.com\/?p=2076\",\"name\":\"\\\"Denk-mal\\\": ein illustriertes Gedenken an den Sch\u00fcler Paul \u00d6ttinger und den Schandmarsch in Regensburg - Nina Schneider Illustration\",\"isPartOf\":{\"@id\":\"https:\/\/nina-schneider.com\/#website\"},\"primaryImageOfPage\":{\"@id\":\"https:\/\/nina-schneider.com\/?p=2076#primaryimage\"},\"image\":{\"@id\":\"https:\/\/nina-schneider.com\/?p=2076#primaryimage\"},\"thumbnailUrl\":\"https:\/\/nina-schneider.com\/wp-content\/uploads\/illu_aag_aenderung_palaestina.png\",\"datePublished\":\"2017-11-11T19:50:42+00:00\",\"dateModified\":\"2017-11-11T19:51:15+00:00\",\"breadcrumb\":{\"@id\":\"https:\/\/nina-schneider.com\/?p=2076#breadcrumb\"},\"inLanguage\":\"de\",\"potentialAction\":[{\"@type\":\"ReadAction\",\"target\":[\"https:\/\/nina-schneider.com\/?p=2076\"]}]},{\"@type\":\"ImageObject\",\"inLanguage\":\"de\",\"@id\":\"https:\/\/nina-schneider.com\/?p=2076#primaryimage\",\"url\":\"https:\/\/nina-schneider.com\/wp-content\/uploads\/illu_aag_aenderung_palaestina.png\",\"contentUrl\":\"https:\/\/nina-schneider.com\/wp-content\/uploads\/illu_aag_aenderung_palaestina.png\",\"width\":3918,\"height\":1966,\"caption\":\"paul \u00f6ttinger schandmarsch regensburg jude sch\u00fcler ns-zeit\"},{\"@type\":\"BreadcrumbList\",\"@id\":\"https:\/\/nina-schneider.com\/?p=2076#breadcrumb\",\"itemListElement\":[{\"@type\":\"ListItem\",\"position\":1,\"name\":\"Startseite\",\"item\":\"https:\/\/nina-schneider.com\/\"},{\"@type\":\"ListItem\",\"position\":2,\"name\":\"&#8222;Denk-mal&#8220;: ein illustriertes Gedenken an den Sch\u00fcler Paul \u00d6ttinger und den Schandmarsch in Regensburg\"}]},{\"@type\":\"WebSite\",\"@id\":\"https:\/\/nina-schneider.com\/#website\",\"url\":\"https:\/\/nina-schneider.com\/\",\"name\":\"Nina Schneider Illustration\",\"description\":\"+49 (0)151 419 362 21 post(at)nina-schneider.com\",\"publisher\":{\"@id\":\"https:\/\/nina-schneider.com\/#organization\"},\"potentialAction\":[{\"@type\":\"SearchAction\",\"target\":{\"@type\":\"EntryPoint\",\"urlTemplate\":\"https:\/\/nina-schneider.com\/?s={search_term_string}\"},\"query-input\":{\"@type\":\"PropertyValueSpecification\",\"valueRequired\":true,\"valueName\":\"search_term_string\"}}],\"inLanguage\":\"de\"},{\"@type\":\"Organization\",\"@id\":\"https:\/\/nina-schneider.com\/#organization\",\"name\":\"Nina Schneider Illustration\",\"url\":\"https:\/\/nina-schneider.com\/\",\"logo\":{\"@type\":\"ImageObject\",\"inLanguage\":\"de\",\"@id\":\"https:\/\/nina-schneider.com\/#\/schema\/logo\/image\/\",\"url\":\"https:\/\/nina-schneider.com\/wp-content\/uploads\/logo_transparent.png\",\"contentUrl\":\"https:\/\/nina-schneider.com\/wp-content\/uploads\/logo_transparent.png\",\"width\":600,\"height\":132,\"caption\":\"Nina Schneider Illustration\"},\"image\":{\"@id\":\"https:\/\/nina-schneider.com\/#\/schema\/logo\/image\/\"},\"sameAs\":[\"https:\/\/www.instagram.com\/illustration_nina_schneider\/\"]},{\"@type\":\"Person\",\"@id\":\"https:\/\/nina-schneider.com\/#\/schema\/person\/c307f973025a90e959deab346cd6243e\",\"name\":\"nina\",\"image\":{\"@type\":\"ImageObject\",\"inLanguage\":\"de\",\"@id\":\"https:\/\/secure.gravatar.com\/avatar\/f3c9acc5d4566622f86fae90c42e1f452d313324c9f7c0996d051a1d3e81fff6?s=96&d=mm&r=g\",\"url\":\"https:\/\/secure.gravatar.com\/avatar\/f3c9acc5d4566622f86fae90c42e1f452d313324c9f7c0996d051a1d3e81fff6?s=96&d=mm&r=g\",\"contentUrl\":\"https:\/\/secure.gravatar.com\/avatar\/f3c9acc5d4566622f86fae90c42e1f452d313324c9f7c0996d051a1d3e81fff6?s=96&d=mm&r=g\",\"caption\":\"nina\"},\"url\":\"https:\/\/nina-schneider.com\/?author=1\"}]}<\/script>\n<!-- \/ Yoast SEO plugin. -->","yoast_head_json":{"title":"\"Denk-mal\": ein illustriertes Gedenken an den Sch\u00fcler Paul \u00d6ttinger und den Schandmarsch in Regensburg - Nina Schneider Illustration","robots":{"index":"noindex","follow":"follow"},"og_locale":"de_DE","og_type":"article","og_title":"\"Denk-mal\": ein illustriertes Gedenken an den Sch\u00fcler Paul \u00d6ttinger und den Schandmarsch in Regensburg - Nina Schneider Illustration","og_description":"Am 09.11.2017 um 16.30 Uhr enth\u00fcllten Regensburger Sch\u00fclerInnen des Albrecht Altdorfer Gymnasiums ein Gedenkbild an den j\u00fcdischen Sch\u00fcler Paul \u00d6ttinger, der in der NS-Zeit die Schule verlassen musste. Ich freue mich, dass ich es im Austausch mit den Sch\u00fclern gestalten [&hellip;]","og_url":"https:\/\/nina-schneider.com\/?p=2076","og_site_name":"Nina Schneider Illustration","article_published_time":"2017-11-11T19:50:42+00:00","article_modified_time":"2017-11-11T19:51:15+00:00","og_image":[{"width":1024,"height":514,"url":"https:\/\/nina-schneider.com\/wp-content\/uploads\/illu_aag_aenderung_palaestina-1024x514.png","type":"image\/png"}],"author":"nina","twitter_card":"summary_large_image","twitter_misc":{"Verfasst von":"nina"},"schema":{"@context":"https:\/\/schema.org","@graph":[{"@type":"Article","@id":"https:\/\/nina-schneider.com\/?p=2076#article","isPartOf":{"@id":"https:\/\/nina-schneider.com\/?p=2076"},"author":{"name":"nina","@id":"https:\/\/nina-schneider.com\/#\/schema\/person\/c307f973025a90e959deab346cd6243e"},"headline":"&#8222;Denk-mal&#8220;: ein illustriertes Gedenken an den Sch\u00fcler Paul \u00d6ttinger und den Schandmarsch in Regensburg","datePublished":"2017-11-11T19:50:42+00:00","dateModified":"2017-11-11T19:51:15+00:00","mainEntityOfPage":{"@id":"https:\/\/nina-schneider.com\/?p=2076"},"wordCount":63,"publisher":{"@id":"https:\/\/nina-schneider.com\/#organization"},"image":{"@id":"https:\/\/nina-schneider.com\/?p=2076#primaryimage"},"thumbnailUrl":"https:\/\/nina-schneider.com\/wp-content\/uploads\/illu_aag_aenderung_palaestina.png","articleSection":["Illustration"],"inLanguage":"de"},{"@type":"WebPage","@id":"https:\/\/nina-schneider.com\/?p=2076","url":"https:\/\/nina-schneider.com\/?p=2076","name":"\"Denk-mal\": ein illustriertes Gedenken an den Sch\u00fcler Paul \u00d6ttinger und den Schandmarsch in Regensburg - Nina Schneider Illustration","isPartOf":{"@id":"https:\/\/nina-schneider.com\/#website"},"primaryImageOfPage":{"@id":"https:\/\/nina-schneider.com\/?p=2076#primaryimage"},"image":{"@id":"https:\/\/nina-schneider.com\/?p=2076#primaryimage"},"thumbnailUrl":"https:\/\/nina-schneider.com\/wp-content\/uploads\/illu_aag_aenderung_palaestina.png","datePublished":"2017-11-11T19:50:42+00:00","dateModified":"2017-11-11T19:51:15+00:00","breadcrumb":{"@id":"https:\/\/nina-schneider.com\/?p=2076#breadcrumb"},"inLanguage":"de","potentialAction":[{"@type":"ReadAction","target":["https:\/\/nina-schneider.com\/?p=2076"]}]},{"@type":"ImageObject","inLanguage":"de","@id":"https:\/\/nina-schneider.com\/?p=2076#primaryimage","url":"https:\/\/nina-schneider.com\/wp-content\/uploads\/illu_aag_aenderung_palaestina.png","contentUrl":"https:\/\/nina-schneider.com\/wp-content\/uploads\/illu_aag_aenderung_palaestina.png","width":3918,"height":1966,"caption":"paul \u00f6ttinger schandmarsch regensburg jude sch\u00fcler ns-zeit"},{"@type":"BreadcrumbList","@id":"https:\/\/nina-schneider.com\/?p=2076#breadcrumb","itemListElement":[{"@type":"ListItem","position":1,"name":"Startseite","item":"https:\/\/nina-schneider.com\/"},{"@type":"ListItem","position":2,"name":"&#8222;Denk-mal&#8220;: ein illustriertes Gedenken an den Sch\u00fcler Paul \u00d6ttinger und den Schandmarsch in Regensburg"}]},{"@type":"WebSite","@id":"https:\/\/nina-schneider.com\/#website","url":"https:\/\/nina-schneider.com\/","name":"Nina Schneider Illustration","description":"+49 (0)151 419 362 21 post(at)nina-schneider.com","publisher":{"@id":"https:\/\/nina-schneider.com\/#organization"},"potentialAction":[{"@type":"SearchAction","target":{"@type":"EntryPoint","urlTemplate":"https:\/\/nina-schneider.com\/?s={search_term_string}"},"query-input":{"@type":"PropertyValueSpecification","valueRequired":true,"valueName":"search_term_string"}}],"inLanguage":"de"},{"@type":"Organization","@id":"https:\/\/nina-schneider.com\/#organization","name":"Nina Schneider Illustration","url":"https:\/\/nina-schneider.com\/","logo":{"@type":"ImageObject","inLanguage":"de","@id":"https:\/\/nina-schneider.com\/#\/schema\/logo\/image\/","url":"https:\/\/nina-schneider.com\/wp-content\/uploads\/logo_transparent.png","contentUrl":"https:\/\/nina-schneider.com\/wp-content\/uploads\/logo_transparent.png","width":600,"height":132,"caption":"Nina Schneider Illustration"},"image":{"@id":"https:\/\/nina-schneider.com\/#\/schema\/logo\/image\/"},"sameAs":["https:\/\/www.instagram.com\/illustration_nina_schneider\/"]},{"@type":"Person","@id":"https:\/\/nina-schneider.com\/#\/schema\/person\/c307f973025a90e959deab346cd6243e","name":"nina","image":{"@type":"ImageObject","inLanguage":"de","@id":"https:\/\/secure.gravatar.com\/avatar\/f3c9acc5d4566622f86fae90c42e1f452d313324c9f7c0996d051a1d3e81fff6?s=96&d=mm&r=g","url":"https:\/\/secure.gravatar.com\/avatar\/f3c9acc5d4566622f86fae90c42e1f452d313324c9f7c0996d051a1d3e81fff6?s=96&d=mm&r=g","contentUrl":"https:\/\/secure.gravatar.com\/avatar\/f3c9acc5d4566622f86fae90c42e1f452d313324c9f7c0996d051a1d3e81fff6?s=96&d=mm&r=g","caption":"nina"},"url":"https:\/\/nina-schneider.com\/?author=1"}]}},"_links":{"self":[{"href":"https:\/\/nina-schneider.com\/index.php?rest_route=\/wp\/v2\/posts\/2076","targetHints":{"allow":["GET"]}}],"collection":[{"href":"https:\/\/nina-schneider.com\/index.php?rest_route=\/wp\/v2\/posts"}],"about":[{"href":"https:\/\/nina-schneider.com\/index.php?rest_route=\/wp\/v2\/types\/post"}],"author":[{"embeddable":true,"href":"https:\/\/nina-schneider.com\/index.php?rest_route=\/wp\/v2\/users\/1"}],"replies":[{"embeddable":true,"href":"https:\/\/nina-schneider.com\/index.php?rest_route=%2Fwp%2Fv2%2Fcomments&post=2076"}],"version-history":[{"count":1,"href":"https:\/\/nina-schneider.com\/index.php?rest_route=\/wp\/v2\/posts\/2076\/revisions"}],"predecessor-version":[{"id":2079,"href":"https:\/\/nina-schneider.com\/index.php?rest_route=\/wp\/v2\/posts\/2076\/revisions\/2079"}],"wp:featuredmedia":[{"embeddable":true,"href":"https:\/\/nina-schneider.com\/index.php?rest_route=\/wp\/v2\/media\/2077"}],"wp:attachment":[{"href":"https:\/\/nina-schneider.com\/index.php?rest_route=%2Fwp%2Fv2%2Fmedia&parent=2076"}],"wp:term":[{"taxonomy":"category","embeddable":true,"href":"https:\/\/nina-schneider.com\/index.php?rest_route=%2Fwp%2Fv2%2Fcategories&post=2076"},{"taxonomy":"post_tag","embeddable":true,"href":"https:\/\/nina-schneider.com\/index.php?rest_route=%2Fwp%2Fv2%2Ftags&post=2076"}],"curies":[{"name":"wp","href":"https:\/\/api.w.org\/{rel}","templated":true}]}}