{"id":2055,"date":"2017-08-07T11:19:23","date_gmt":"2017-08-07T09:19:23","guid":{"rendered":"http:\/\/nina-schneider.com\/?p=2055"},"modified":"2017-08-07T14:38:15","modified_gmt":"2017-08-07T12:38:15","slug":"ausstellung-in-der-kleinsten-galerie-im-degginger-07-14-august","status":"publish","type":"post","link":"https:\/\/nina-schneider.com\/?p=2055","title":{"rendered":"Ausstellung in der Kleinsten Galerie im Degginger 07.-14. August"},"content":{"rendered":"<p>Kleinste Galerie im Degginger: \u201eSchema S\u201c<\/p>\n<p>In der Kleinsten Galerie zeigt die Regensburger K\u00fcnstlerin und Illustratorin Nina Schneider rund 50 Arbeiten ihrer Post-It-Serie \u2013 ein k\u00fcnstlerisches Projekt auf kleinen gelben Klebezetteln, das sie best\u00e4ndig weiterf\u00fchrt. In diesem ungew\u00f6hnlich kleinen Format f\u00e4ngt Nina Schneider Alltagssituationen, Augenblicke und Menschen zeichnerisch ein.<br \/>\nAu\u00dferdem zu sehen und zu bestaunen: Zeichnungen, gestickte Bilder und Bleistiftarbeiten, eine kleine Bilderserie auf rundem Papier sowie spannende neue Linol-Drucke, die in der Ausstellung zum ersten Mal zu sehen sein werden.<br \/>\nNina Schneider arbeitet am liebsten kleinformatig, mit der Farbe Schwarz, monochrom. Ihre Motive? Menschen. W\u00f6rter, S\u00e4tze und deren Kombinationen bilden einen gewollten, ja absichtlichen, Kontrast zu den Bildmotiven. Sie zerst\u00f6rten die vordergr\u00fcndige inhaltliche Einheit und schaffen einen neuen Kontext.<\/p>\n<p>Nina Schneiders Ausstellung \u201eSchema S\u201c kann bis einschlie\u00dflich 14. August t\u00e4glich besucht werden.<br \/>\nDie Kleinste Galerie ist von 11 bis 18 Uhr ge\u00f6ffnet.<br \/>\nWahlenstra\u00dfe 17, 93047 Regensburg<\/p>\n<p><a href=\"http:\/\/www.regensburg.de\/aktuelles\/pressemitteilungen\/159998\/197486\/sommer-kulturmontag-entfuehrt-ins-stadtgeschehen-und-zeigt-im-degginger-die-ausstellung-schema-s.html\" target=\"_blank\">Quelle<\/a><\/p>\n","protected":false},"excerpt":{"rendered":"<p>Kleinste Galerie im Degginger: \u201eSchema S\u201c In der Kleinsten Galerie zeigt die Regensburger K\u00fcnstlerin und Illustratorin Nina Schneider rund 50 Arbeiten ihrer Post-It-Serie \u2013 ein k\u00fcnstlerisches Projekt auf kleinen gelben Klebezetteln, das sie best\u00e4ndig weiterf\u00fchrt. In diesem ungew\u00f6hnlich kleinen Format [&hellip;]<\/p>\n","protected":false},"author":1,"featured_media":2056,"comment_status":"closed","ping_status":"open","sticky":false,"template":"","format":"image","meta":{"footnotes":""},"categories":[1,13,3],"tags":[],"class_list":["post-2055","post","type-post","status-publish","format-image","has-post-thumbnail","hentry","category-allgemein","category-drawings-and-paintings","category-illustration","post_format-post-format-image"],"yoast_head":"<!-- This site is optimized with the Yoast SEO plugin v27.2 - https:\/\/yoast.com\/product\/yoast-seo-wordpress\/ -->\n<title>Ausstellung in der Kleinsten Galerie im Degginger 07.-14. August - Nina Schneider Illustration<\/title>\n<meta name=\"robots\" content=\"noindex, follow\" \/>\n<meta property=\"og:locale\" content=\"de_DE\" \/>\n<meta property=\"og:type\" content=\"article\" \/>\n<meta property=\"og:title\" content=\"Ausstellung in der Kleinsten Galerie im Degginger 07.-14. August - Nina Schneider Illustration\" \/>\n<meta property=\"og:description\" content=\"Kleinste Galerie im Degginger: \u201eSchema S\u201c In der Kleinsten Galerie zeigt die Regensburger K\u00fcnstlerin und Illustratorin Nina Schneider rund 50 Arbeiten ihrer Post-It-Serie \u2013 ein k\u00fcnstlerisches Projekt auf kleinen gelben Klebezetteln, das sie best\u00e4ndig weiterf\u00fchrt. In diesem ungew\u00f6hnlich kleinen Format [&hellip;]\" \/>\n<meta property=\"og:url\" content=\"https:\/\/nina-schneider.com\/?p=2055\" \/>\n<meta property=\"og:site_name\" content=\"Nina Schneider Illustration\" \/>\n<meta property=\"article:published_time\" content=\"2017-08-07T09:19:23+00:00\" \/>\n<meta property=\"article:modified_time\" content=\"2017-08-07T12:38:15+00:00\" \/>\n<meta property=\"og:image\" content=\"https:\/\/nina-schneider.com\/wp-content\/uploads\/IMG_8600-1024x768.jpg\" \/>\n\t<meta property=\"og:image:width\" content=\"1024\" \/>\n\t<meta property=\"og:image:height\" content=\"768\" \/>\n\t<meta property=\"og:image:type\" content=\"image\/jpeg\" \/>\n<meta name=\"author\" content=\"nina\" \/>\n<meta name=\"twitter:card\" content=\"summary_large_image\" \/>\n<meta name=\"twitter:label1\" content=\"Verfasst von\" \/>\n\t<meta name=\"twitter:data1\" content=\"nina\" \/>\n\t<meta name=\"twitter:label2\" content=\"Gesch\u00e4tzte Lesezeit\" \/>\n\t<meta name=\"twitter:data2\" content=\"1\u00a0Minute\" \/>\n<script type=\"application\/ld+json\" class=\"yoast-schema-graph\">{\"@context\":\"https:\/\/schema.org\",\"@graph\":[{\"@type\":\"Article\",\"@id\":\"https:\/\/nina-schneider.com\/?p=2055#article\",\"isPartOf\":{\"@id\":\"https:\/\/nina-schneider.com\/?p=2055\"},\"author\":{\"name\":\"nina\",\"@id\":\"https:\/\/nina-schneider.com\/#\/schema\/person\/c307f973025a90e959deab346cd6243e\"},\"headline\":\"Ausstellung in der Kleinsten Galerie im Degginger 07.-14. August\",\"datePublished\":\"2017-08-07T09:19:23+00:00\",\"dateModified\":\"2017-08-07T12:38:15+00:00\",\"mainEntityOfPage\":{\"@id\":\"https:\/\/nina-schneider.com\/?p=2055\"},\"wordCount\":165,\"publisher\":{\"@id\":\"https:\/\/nina-schneider.com\/#organization\"},\"image\":{\"@id\":\"https:\/\/nina-schneider.com\/?p=2055#primaryimage\"},\"thumbnailUrl\":\"https:\/\/nina-schneider.com\/wp-content\/uploads\/IMG_8600.jpg\",\"articleSection\":{\"1\":\"Drawings and Paintings\",\"2\":\"Illustration\"},\"inLanguage\":\"de\"},{\"@type\":\"WebPage\",\"@id\":\"https:\/\/nina-schneider.com\/?p=2055\",\"url\":\"https:\/\/nina-schneider.com\/?p=2055\",\"name\":\"Ausstellung in der Kleinsten Galerie im Degginger 07.-14. August - Nina Schneider Illustration\",\"isPartOf\":{\"@id\":\"https:\/\/nina-schneider.com\/#website\"},\"primaryImageOfPage\":{\"@id\":\"https:\/\/nina-schneider.com\/?p=2055#primaryimage\"},\"image\":{\"@id\":\"https:\/\/nina-schneider.com\/?p=2055#primaryimage\"},\"thumbnailUrl\":\"https:\/\/nina-schneider.com\/wp-content\/uploads\/IMG_8600.jpg\",\"datePublished\":\"2017-08-07T09:19:23+00:00\",\"dateModified\":\"2017-08-07T12:38:15+00:00\",\"breadcrumb\":{\"@id\":\"https:\/\/nina-schneider.com\/?p=2055#breadcrumb\"},\"inLanguage\":\"de\",\"potentialAction\":[{\"@type\":\"ReadAction\",\"target\":[\"https:\/\/nina-schneider.com\/?p=2055\"]}]},{\"@type\":\"ImageObject\",\"inLanguage\":\"de\",\"@id\":\"https:\/\/nina-schneider.com\/?p=2055#primaryimage\",\"url\":\"https:\/\/nina-schneider.com\/wp-content\/uploads\/IMG_8600.jpg\",\"contentUrl\":\"https:\/\/nina-schneider.com\/wp-content\/uploads\/IMG_8600.jpg\",\"width\":4032,\"height\":3024},{\"@type\":\"BreadcrumbList\",\"@id\":\"https:\/\/nina-schneider.com\/?p=2055#breadcrumb\",\"itemListElement\":[{\"@type\":\"ListItem\",\"position\":1,\"name\":\"Startseite\",\"item\":\"https:\/\/nina-schneider.com\/\"},{\"@type\":\"ListItem\",\"position\":2,\"name\":\"Ausstellung in der Kleinsten Galerie im Degginger 07.-14. August\"}]},{\"@type\":\"WebSite\",\"@id\":\"https:\/\/nina-schneider.com\/#website\",\"url\":\"https:\/\/nina-schneider.com\/\",\"name\":\"Nina Schneider Illustration\",\"description\":\"+49 (0)151 419 362 21 post(at)nina-schneider.com\",\"publisher\":{\"@id\":\"https:\/\/nina-schneider.com\/#organization\"},\"potentialAction\":[{\"@type\":\"SearchAction\",\"target\":{\"@type\":\"EntryPoint\",\"urlTemplate\":\"https:\/\/nina-schneider.com\/?s={search_term_string}\"},\"query-input\":{\"@type\":\"PropertyValueSpecification\",\"valueRequired\":true,\"valueName\":\"search_term_string\"}}],\"inLanguage\":\"de\"},{\"@type\":\"Organization\",\"@id\":\"https:\/\/nina-schneider.com\/#organization\",\"name\":\"Nina Schneider Illustration\",\"url\":\"https:\/\/nina-schneider.com\/\",\"logo\":{\"@type\":\"ImageObject\",\"inLanguage\":\"de\",\"@id\":\"https:\/\/nina-schneider.com\/#\/schema\/logo\/image\/\",\"url\":\"https:\/\/nina-schneider.com\/wp-content\/uploads\/logo_transparent.png\",\"contentUrl\":\"https:\/\/nina-schneider.com\/wp-content\/uploads\/logo_transparent.png\",\"width\":600,\"height\":132,\"caption\":\"Nina Schneider Illustration\"},\"image\":{\"@id\":\"https:\/\/nina-schneider.com\/#\/schema\/logo\/image\/\"},\"sameAs\":[\"https:\/\/www.instagram.com\/illustration_nina_schneider\/\"]},{\"@type\":\"Person\",\"@id\":\"https:\/\/nina-schneider.com\/#\/schema\/person\/c307f973025a90e959deab346cd6243e\",\"name\":\"nina\",\"image\":{\"@type\":\"ImageObject\",\"inLanguage\":\"de\",\"@id\":\"https:\/\/secure.gravatar.com\/avatar\/f3c9acc5d4566622f86fae90c42e1f452d313324c9f7c0996d051a1d3e81fff6?s=96&d=mm&r=g\",\"url\":\"https:\/\/secure.gravatar.com\/avatar\/f3c9acc5d4566622f86fae90c42e1f452d313324c9f7c0996d051a1d3e81fff6?s=96&d=mm&r=g\",\"contentUrl\":\"https:\/\/secure.gravatar.com\/avatar\/f3c9acc5d4566622f86fae90c42e1f452d313324c9f7c0996d051a1d3e81fff6?s=96&d=mm&r=g\",\"caption\":\"nina\"},\"url\":\"https:\/\/nina-schneider.com\/?author=1\"}]}<\/script>\n<!-- \/ Yoast SEO plugin. -->","yoast_head_json":{"title":"Ausstellung in der Kleinsten Galerie im Degginger 07.-14. August - Nina Schneider Illustration","robots":{"index":"noindex","follow":"follow"},"og_locale":"de_DE","og_type":"article","og_title":"Ausstellung in der Kleinsten Galerie im Degginger 07.-14. August - Nina Schneider Illustration","og_description":"Kleinste Galerie im Degginger: \u201eSchema S\u201c In der Kleinsten Galerie zeigt die Regensburger K\u00fcnstlerin und Illustratorin Nina Schneider rund 50 Arbeiten ihrer Post-It-Serie \u2013 ein k\u00fcnstlerisches Projekt auf kleinen gelben Klebezetteln, das sie best\u00e4ndig weiterf\u00fchrt. In diesem ungew\u00f6hnlich kleinen Format [&hellip;]","og_url":"https:\/\/nina-schneider.com\/?p=2055","og_site_name":"Nina Schneider Illustration","article_published_time":"2017-08-07T09:19:23+00:00","article_modified_time":"2017-08-07T12:38:15+00:00","og_image":[{"width":1024,"height":768,"url":"https:\/\/nina-schneider.com\/wp-content\/uploads\/IMG_8600-1024x768.jpg","type":"image\/jpeg"}],"author":"nina","twitter_card":"summary_large_image","twitter_misc":{"Verfasst von":"nina","Gesch\u00e4tzte Lesezeit":"1\u00a0Minute"},"schema":{"@context":"https:\/\/schema.org","@graph":[{"@type":"Article","@id":"https:\/\/nina-schneider.com\/?p=2055#article","isPartOf":{"@id":"https:\/\/nina-schneider.com\/?p=2055"},"author":{"name":"nina","@id":"https:\/\/nina-schneider.com\/#\/schema\/person\/c307f973025a90e959deab346cd6243e"},"headline":"Ausstellung in der Kleinsten Galerie im Degginger 07.-14. August","datePublished":"2017-08-07T09:19:23+00:00","dateModified":"2017-08-07T12:38:15+00:00","mainEntityOfPage":{"@id":"https:\/\/nina-schneider.com\/?p=2055"},"wordCount":165,"publisher":{"@id":"https:\/\/nina-schneider.com\/#organization"},"image":{"@id":"https:\/\/nina-schneider.com\/?p=2055#primaryimage"},"thumbnailUrl":"https:\/\/nina-schneider.com\/wp-content\/uploads\/IMG_8600.jpg","articleSection":{"1":"Drawings and Paintings","2":"Illustration"},"inLanguage":"de"},{"@type":"WebPage","@id":"https:\/\/nina-schneider.com\/?p=2055","url":"https:\/\/nina-schneider.com\/?p=2055","name":"Ausstellung in der Kleinsten Galerie im Degginger 07.-14. August - Nina Schneider Illustration","isPartOf":{"@id":"https:\/\/nina-schneider.com\/#website"},"primaryImageOfPage":{"@id":"https:\/\/nina-schneider.com\/?p=2055#primaryimage"},"image":{"@id":"https:\/\/nina-schneider.com\/?p=2055#primaryimage"},"thumbnailUrl":"https:\/\/nina-schneider.com\/wp-content\/uploads\/IMG_8600.jpg","datePublished":"2017-08-07T09:19:23+00:00","dateModified":"2017-08-07T12:38:15+00:00","breadcrumb":{"@id":"https:\/\/nina-schneider.com\/?p=2055#breadcrumb"},"inLanguage":"de","potentialAction":[{"@type":"ReadAction","target":["https:\/\/nina-schneider.com\/?p=2055"]}]},{"@type":"ImageObject","inLanguage":"de","@id":"https:\/\/nina-schneider.com\/?p=2055#primaryimage","url":"https:\/\/nina-schneider.com\/wp-content\/uploads\/IMG_8600.jpg","contentUrl":"https:\/\/nina-schneider.com\/wp-content\/uploads\/IMG_8600.jpg","width":4032,"height":3024},{"@type":"BreadcrumbList","@id":"https:\/\/nina-schneider.com\/?p=2055#breadcrumb","itemListElement":[{"@type":"ListItem","position":1,"name":"Startseite","item":"https:\/\/nina-schneider.com\/"},{"@type":"ListItem","position":2,"name":"Ausstellung in der Kleinsten Galerie im Degginger 07.-14. August"}]},{"@type":"WebSite","@id":"https:\/\/nina-schneider.com\/#website","url":"https:\/\/nina-schneider.com\/","name":"Nina Schneider Illustration","description":"+49 (0)151 419 362 21 post(at)nina-schneider.com","publisher":{"@id":"https:\/\/nina-schneider.com\/#organization"},"potentialAction":[{"@type":"SearchAction","target":{"@type":"EntryPoint","urlTemplate":"https:\/\/nina-schneider.com\/?s={search_term_string}"},"query-input":{"@type":"PropertyValueSpecification","valueRequired":true,"valueName":"search_term_string"}}],"inLanguage":"de"},{"@type":"Organization","@id":"https:\/\/nina-schneider.com\/#organization","name":"Nina Schneider Illustration","url":"https:\/\/nina-schneider.com\/","logo":{"@type":"ImageObject","inLanguage":"de","@id":"https:\/\/nina-schneider.com\/#\/schema\/logo\/image\/","url":"https:\/\/nina-schneider.com\/wp-content\/uploads\/logo_transparent.png","contentUrl":"https:\/\/nina-schneider.com\/wp-content\/uploads\/logo_transparent.png","width":600,"height":132,"caption":"Nina Schneider Illustration"},"image":{"@id":"https:\/\/nina-schneider.com\/#\/schema\/logo\/image\/"},"sameAs":["https:\/\/www.instagram.com\/illustration_nina_schneider\/"]},{"@type":"Person","@id":"https:\/\/nina-schneider.com\/#\/schema\/person\/c307f973025a90e959deab346cd6243e","name":"nina","image":{"@type":"ImageObject","inLanguage":"de","@id":"https:\/\/secure.gravatar.com\/avatar\/f3c9acc5d4566622f86fae90c42e1f452d313324c9f7c0996d051a1d3e81fff6?s=96&d=mm&r=g","url":"https:\/\/secure.gravatar.com\/avatar\/f3c9acc5d4566622f86fae90c42e1f452d313324c9f7c0996d051a1d3e81fff6?s=96&d=mm&r=g","contentUrl":"https:\/\/secure.gravatar.com\/avatar\/f3c9acc5d4566622f86fae90c42e1f452d313324c9f7c0996d051a1d3e81fff6?s=96&d=mm&r=g","caption":"nina"},"url":"https:\/\/nina-schneider.com\/?author=1"}]}},"_links":{"self":[{"href":"https:\/\/nina-schneider.com\/index.php?rest_route=\/wp\/v2\/posts\/2055","targetHints":{"allow":["GET"]}}],"collection":[{"href":"https:\/\/nina-schneider.com\/index.php?rest_route=\/wp\/v2\/posts"}],"about":[{"href":"https:\/\/nina-schneider.com\/index.php?rest_route=\/wp\/v2\/types\/post"}],"author":[{"embeddable":true,"href":"https:\/\/nina-schneider.com\/index.php?rest_route=\/wp\/v2\/users\/1"}],"replies":[{"embeddable":true,"href":"https:\/\/nina-schneider.com\/index.php?rest_route=%2Fwp%2Fv2%2Fcomments&post=2055"}],"version-history":[{"count":2,"href":"https:\/\/nina-schneider.com\/index.php?rest_route=\/wp\/v2\/posts\/2055\/revisions"}],"predecessor-version":[{"id":2070,"href":"https:\/\/nina-schneider.com\/index.php?rest_route=\/wp\/v2\/posts\/2055\/revisions\/2070"}],"wp:featuredmedia":[{"embeddable":true,"href":"https:\/\/nina-schneider.com\/index.php?rest_route=\/wp\/v2\/media\/2056"}],"wp:attachment":[{"href":"https:\/\/nina-schneider.com\/index.php?rest_route=%2Fwp%2Fv2%2Fmedia&parent=2055"}],"wp:term":[{"taxonomy":"category","embeddable":true,"href":"https:\/\/nina-schneider.com\/index.php?rest_route=%2Fwp%2Fv2%2Fcategories&post=2055"},{"taxonomy":"post_tag","embeddable":true,"href":"https:\/\/nina-schneider.com\/index.php?rest_route=%2Fwp%2Fv2%2Ftags&post=2055"}],"curies":[{"name":"wp","href":"https:\/\/api.w.org\/{rel}","templated":true}]}}