{"id":1998,"date":"2017-02-01T13:25:36","date_gmt":"2017-02-01T11:25:36","guid":{"rendered":"http:\/\/nina-schneider.com\/?p=1998"},"modified":"2017-02-01T13:26:05","modified_gmt":"2017-02-01T11:26:05","slug":"eroeffnung-der-ausstellung-sophias-frage-im-historischen-museum-regensburg","status":"publish","type":"post","link":"https:\/\/nina-schneider.com\/?p=1998","title":{"rendered":"Er\u00f6ffnung der Ausstellung &#8222;Sophias Frage&#8220; im Historischen Museum Regensburg"},"content":{"rendered":"<p>Ihr Lieben,<br \/>\nherzliche Einladung zur Ausstellung &#8222;Sophias Frage&#8220; im Historischen Museum Regensburg!<br \/>\nDie wunderbare Autorin <a href=\"https:\/\/www.facebook.com\/PetraBartoliYEckert\/?fref=ts\">Petra Bartoli\u00a0y Eckert<\/a> hat zu Exponaten der Dauerausstellung tolle Kurzgeschichten verfasst und ich habe dazu auf W\u00e4nden, Vitrinen und Bodenplatten gro\u00dffl\u00e4chig illustriert.<\/p>\n<p>Er\u00f6ffnung ist diesen Samstag, 4. Februar 2017 um 19 Uhr im Museumscaf\u00e9 mit Lesung und Rundgang.<br \/>\nDie Ausstellung geht dann vom 5. Februar bis zum 31. Dezember 2017<\/p>\n<p>Ich w\u00fcrde mich freuen, euch bei der Er\u00f6ffnung zu sehen ansonsten schaut doch einf<\/p>\n<p>ach mal im Laufe des Jahres im Historischen Museum vorbei!<\/p>\n\n\t\t<style type=\"text\/css\">\n\t\t\t#gallery-1 {\n\t\t\t\tmargin: auto;\n\t\t\t}\n\t\t\t#gallery-1 .gallery-item {\n\t\t\t\tfloat: left;\n\t\t\t\tmargin-top: 10px;\n\t\t\t\ttext-align: center;\n\t\t\t\twidth: 33%;\n\t\t\t}\n\t\t\t#gallery-1 img {\n\t\t\t\tborder: 2px solid #cfcfcf;\n\t\t\t}\n\t\t\t#gallery-1 .gallery-caption {\n\t\t\t\tmargin-left: 0;\n\t\t\t}\n\t\t\t\/* see gallery_shortcode() in wp-includes\/media.php *\/\n\t\t<\/style>\n\t\t<div id='gallery-1' class='gallery galleryid-1998 gallery-columns-3 gallery-size-thumbnail'><dl class='gallery-item'>\n\t\t\t<dt class='gallery-icon landscape'>\n\t\t\t\t<a href='https:\/\/nina-schneider.com\/wp-content\/uploads\/seek_peek2.jpg'><img loading=\"lazy\" decoding=\"async\" width=\"150\" height=\"150\" src=\"https:\/\/nina-schneider.com\/wp-content\/uploads\/seek_peek2-150x150.jpg\" class=\"attachment-thumbnail size-thumbnail\" alt=\"\" srcset=\"https:\/\/nina-schneider.com\/wp-content\/uploads\/seek_peek2-150x150.jpg 150w, https:\/\/nina-schneider.com\/wp-content\/uploads\/seek_peek2-300x300.jpg 300w, https:\/\/nina-schneider.com\/wp-content\/uploads\/seek_peek2-768x768.jpg 768w, https:\/\/nina-schneider.com\/wp-content\/uploads\/seek_peek2-1024x1024.jpg 1024w, https:\/\/nina-schneider.com\/wp-content\/uploads\/seek_peek2.jpg 1206w\" sizes=\"auto, (max-width: 150px) 100vw, 150px\" \/><\/a>\n\t\t\t<\/dt><\/dl><dl class='gallery-item'>\n\t\t\t<dt class='gallery-icon portrait'>\n\t\t\t\t<a href='https:\/\/nina-schneider.com\/wp-content\/uploads\/hist_museum.jpg'><img loading=\"lazy\" decoding=\"async\" width=\"150\" height=\"150\" src=\"https:\/\/nina-schneider.com\/wp-content\/uploads\/hist_museum-150x150.jpg\" class=\"attachment-thumbnail size-thumbnail\" alt=\"\" srcset=\"https:\/\/nina-schneider.com\/wp-content\/uploads\/hist_museum-150x150.jpg 150w, https:\/\/nina-schneider.com\/wp-content\/uploads\/hist_museum-300x300.jpg 300w, https:\/\/nina-schneider.com\/wp-content\/uploads\/hist_museum-768x768.jpg 768w, https:\/\/nina-schneider.com\/wp-content\/uploads\/hist_museum-1024x1024.jpg 1024w\" sizes=\"auto, (max-width: 150px) 100vw, 150px\" \/><\/a>\n\t\t\t<\/dt><\/dl><dl class='gallery-item'>\n\t\t\t<dt class='gallery-icon landscape'>\n\t\t\t\t<a href='https:\/\/nina-schneider.com\/wp-content\/uploads\/s1.jpg'><img loading=\"lazy\" decoding=\"async\" width=\"150\" height=\"150\" src=\"https:\/\/nina-schneider.com\/wp-content\/uploads\/s1-150x150.jpg\" class=\"attachment-thumbnail size-thumbnail\" alt=\"\" srcset=\"https:\/\/nina-schneider.com\/wp-content\/uploads\/s1-150x150.jpg 150w, https:\/\/nina-schneider.com\/wp-content\/uploads\/s1-300x300.jpg 300w, https:\/\/nina-schneider.com\/wp-content\/uploads\/s1-768x768.jpg 768w, https:\/\/nina-schneider.com\/wp-content\/uploads\/s1-1024x1024.jpg 1024w\" sizes=\"auto, (max-width: 150px) 100vw, 150px\" \/><\/a>\n\t\t\t<\/dt><\/dl><br style=\"clear: both\" \/><dl class='gallery-item'>\n\t\t\t<dt class='gallery-icon landscape'>\n\t\t\t\t<a href='https:\/\/nina-schneider.com\/wp-content\/uploads\/s2.jpg'><img loading=\"lazy\" decoding=\"async\" width=\"150\" height=\"150\" src=\"https:\/\/nina-schneider.com\/wp-content\/uploads\/s2-150x150.jpg\" class=\"attachment-thumbnail size-thumbnail\" alt=\"\" srcset=\"https:\/\/nina-schneider.com\/wp-content\/uploads\/s2-150x150.jpg 150w, https:\/\/nina-schneider.com\/wp-content\/uploads\/s2-300x300.jpg 300w, https:\/\/nina-schneider.com\/wp-content\/uploads\/s2-768x768.jpg 768w, https:\/\/nina-schneider.com\/wp-content\/uploads\/s2-1024x1024.jpg 1024w\" sizes=\"auto, (max-width: 150px) 100vw, 150px\" \/><\/a>\n\t\t\t<\/dt><\/dl>\n\t\t\t<br style='clear: both' \/>\n\t\t<\/div>\n\n","protected":false},"excerpt":{"rendered":"<p>Ihr Lieben, herzliche Einladung zur Ausstellung &#8222;Sophias Frage&#8220; im Historischen Museum Regensburg! Die wunderbare Autorin Petra Bartoli\u00a0y Eckert hat zu Exponaten der Dauerausstellung tolle Kurzgeschichten verfasst und ich habe dazu auf W\u00e4nden, Vitrinen und Bodenplatten gro\u00dffl\u00e4chig illustriert. Er\u00f6ffnung ist diesen [&hellip;]<\/p>\n","protected":false},"author":1,"featured_media":2002,"comment_status":"closed","ping_status":"open","sticky":false,"template":"","format":"image","meta":{"footnotes":""},"categories":[1,3],"tags":[],"class_list":["post-1998","post","type-post","status-publish","format-image","has-post-thumbnail","hentry","category-allgemein","category-illustration","post_format-post-format-image"],"yoast_head":"<!-- This site is optimized with the Yoast SEO plugin v27.2 - https:\/\/yoast.com\/product\/yoast-seo-wordpress\/ -->\n<title>Er\u00f6ffnung der Ausstellung &quot;Sophias Frage&quot; im Historischen Museum Regensburg - Nina Schneider Illustration<\/title>\n<meta name=\"robots\" content=\"noindex, follow\" \/>\n<meta property=\"og:locale\" content=\"de_DE\" \/>\n<meta property=\"og:type\" content=\"article\" \/>\n<meta property=\"og:title\" content=\"Er\u00f6ffnung der Ausstellung &quot;Sophias Frage&quot; im Historischen Museum Regensburg - Nina Schneider Illustration\" \/>\n<meta property=\"og:description\" content=\"Ihr Lieben, herzliche Einladung zur Ausstellung &#8222;Sophias Frage&#8220; im Historischen Museum Regensburg! Die wunderbare Autorin Petra Bartoli\u00a0y Eckert hat zu Exponaten der Dauerausstellung tolle Kurzgeschichten verfasst und ich habe dazu auf W\u00e4nden, Vitrinen und Bodenplatten gro\u00dffl\u00e4chig illustriert. Er\u00f6ffnung ist diesen [&hellip;]\" \/>\n<meta property=\"og:url\" content=\"https:\/\/nina-schneider.com\/?p=1998\" \/>\n<meta property=\"og:site_name\" content=\"Nina Schneider Illustration\" \/>\n<meta property=\"article:published_time\" content=\"2017-02-01T11:25:36+00:00\" \/>\n<meta property=\"article:modified_time\" content=\"2017-02-01T11:26:05+00:00\" \/>\n<meta property=\"og:image\" content=\"https:\/\/nina-schneider.com\/wp-content\/uploads\/seek_peek2.jpg\" \/>\n\t<meta property=\"og:image:width\" content=\"1206\" \/>\n\t<meta property=\"og:image:height\" content=\"1206\" \/>\n\t<meta property=\"og:image:type\" content=\"image\/jpeg\" \/>\n<meta name=\"author\" content=\"nina\" \/>\n<meta name=\"twitter:card\" content=\"summary_large_image\" \/>\n<meta name=\"twitter:label1\" content=\"Verfasst von\" \/>\n\t<meta name=\"twitter:data1\" content=\"nina\" \/>\n<script type=\"application\/ld+json\" class=\"yoast-schema-graph\">{\"@context\":\"https:\/\/schema.org\",\"@graph\":[{\"@type\":\"Article\",\"@id\":\"https:\/\/nina-schneider.com\/?p=1998#article\",\"isPartOf\":{\"@id\":\"https:\/\/nina-schneider.com\/?p=1998\"},\"author\":{\"name\":\"nina\",\"@id\":\"https:\/\/nina-schneider.com\/#\/schema\/person\/c307f973025a90e959deab346cd6243e\"},\"headline\":\"Er\u00f6ffnung der Ausstellung &#8222;Sophias Frage&#8220; im Historischen Museum Regensburg\",\"datePublished\":\"2017-02-01T11:25:36+00:00\",\"dateModified\":\"2017-02-01T11:26:05+00:00\",\"mainEntityOfPage\":{\"@id\":\"https:\/\/nina-schneider.com\/?p=1998\"},\"wordCount\":104,\"publisher\":{\"@id\":\"https:\/\/nina-schneider.com\/#organization\"},\"image\":{\"@id\":\"https:\/\/nina-schneider.com\/?p=1998#primaryimage\"},\"thumbnailUrl\":\"https:\/\/nina-schneider.com\/wp-content\/uploads\/seek_peek2.jpg\",\"articleSection\":{\"1\":\"Illustration\"},\"inLanguage\":\"de\"},{\"@type\":\"WebPage\",\"@id\":\"https:\/\/nina-schneider.com\/?p=1998\",\"url\":\"https:\/\/nina-schneider.com\/?p=1998\",\"name\":\"Er\u00f6ffnung der Ausstellung \\\"Sophias Frage\\\" im Historischen Museum Regensburg - Nina Schneider Illustration\",\"isPartOf\":{\"@id\":\"https:\/\/nina-schneider.com\/#website\"},\"primaryImageOfPage\":{\"@id\":\"https:\/\/nina-schneider.com\/?p=1998#primaryimage\"},\"image\":{\"@id\":\"https:\/\/nina-schneider.com\/?p=1998#primaryimage\"},\"thumbnailUrl\":\"https:\/\/nina-schneider.com\/wp-content\/uploads\/seek_peek2.jpg\",\"datePublished\":\"2017-02-01T11:25:36+00:00\",\"dateModified\":\"2017-02-01T11:26:05+00:00\",\"breadcrumb\":{\"@id\":\"https:\/\/nina-schneider.com\/?p=1998#breadcrumb\"},\"inLanguage\":\"de\",\"potentialAction\":[{\"@type\":\"ReadAction\",\"target\":[\"https:\/\/nina-schneider.com\/?p=1998\"]}]},{\"@type\":\"ImageObject\",\"inLanguage\":\"de\",\"@id\":\"https:\/\/nina-schneider.com\/?p=1998#primaryimage\",\"url\":\"https:\/\/nina-schneider.com\/wp-content\/uploads\/seek_peek2.jpg\",\"contentUrl\":\"https:\/\/nina-schneider.com\/wp-content\/uploads\/seek_peek2.jpg\",\"width\":1206,\"height\":1206},{\"@type\":\"BreadcrumbList\",\"@id\":\"https:\/\/nina-schneider.com\/?p=1998#breadcrumb\",\"itemListElement\":[{\"@type\":\"ListItem\",\"position\":1,\"name\":\"Startseite\",\"item\":\"https:\/\/nina-schneider.com\/\"},{\"@type\":\"ListItem\",\"position\":2,\"name\":\"Er\u00f6ffnung der Ausstellung &#8222;Sophias Frage&#8220; im Historischen Museum Regensburg\"}]},{\"@type\":\"WebSite\",\"@id\":\"https:\/\/nina-schneider.com\/#website\",\"url\":\"https:\/\/nina-schneider.com\/\",\"name\":\"Nina Schneider Illustration\",\"description\":\"+49 (0)151 419 362 21 post(at)nina-schneider.com\",\"publisher\":{\"@id\":\"https:\/\/nina-schneider.com\/#organization\"},\"potentialAction\":[{\"@type\":\"SearchAction\",\"target\":{\"@type\":\"EntryPoint\",\"urlTemplate\":\"https:\/\/nina-schneider.com\/?s={search_term_string}\"},\"query-input\":{\"@type\":\"PropertyValueSpecification\",\"valueRequired\":true,\"valueName\":\"search_term_string\"}}],\"inLanguage\":\"de\"},{\"@type\":\"Organization\",\"@id\":\"https:\/\/nina-schneider.com\/#organization\",\"name\":\"Nina Schneider Illustration\",\"url\":\"https:\/\/nina-schneider.com\/\",\"logo\":{\"@type\":\"ImageObject\",\"inLanguage\":\"de\",\"@id\":\"https:\/\/nina-schneider.com\/#\/schema\/logo\/image\/\",\"url\":\"https:\/\/nina-schneider.com\/wp-content\/uploads\/logo_transparent.png\",\"contentUrl\":\"https:\/\/nina-schneider.com\/wp-content\/uploads\/logo_transparent.png\",\"width\":600,\"height\":132,\"caption\":\"Nina Schneider Illustration\"},\"image\":{\"@id\":\"https:\/\/nina-schneider.com\/#\/schema\/logo\/image\/\"},\"sameAs\":[\"https:\/\/www.instagram.com\/illustration_nina_schneider\/\"]},{\"@type\":\"Person\",\"@id\":\"https:\/\/nina-schneider.com\/#\/schema\/person\/c307f973025a90e959deab346cd6243e\",\"name\":\"nina\",\"image\":{\"@type\":\"ImageObject\",\"inLanguage\":\"de\",\"@id\":\"https:\/\/secure.gravatar.com\/avatar\/f3c9acc5d4566622f86fae90c42e1f452d313324c9f7c0996d051a1d3e81fff6?s=96&d=mm&r=g\",\"url\":\"https:\/\/secure.gravatar.com\/avatar\/f3c9acc5d4566622f86fae90c42e1f452d313324c9f7c0996d051a1d3e81fff6?s=96&d=mm&r=g\",\"contentUrl\":\"https:\/\/secure.gravatar.com\/avatar\/f3c9acc5d4566622f86fae90c42e1f452d313324c9f7c0996d051a1d3e81fff6?s=96&d=mm&r=g\",\"caption\":\"nina\"},\"url\":\"https:\/\/nina-schneider.com\/?author=1\"}]}<\/script>\n<!-- \/ Yoast SEO plugin. -->","yoast_head_json":{"title":"Er\u00f6ffnung der Ausstellung \"Sophias Frage\" im Historischen Museum Regensburg - Nina Schneider Illustration","robots":{"index":"noindex","follow":"follow"},"og_locale":"de_DE","og_type":"article","og_title":"Er\u00f6ffnung der Ausstellung \"Sophias Frage\" im Historischen Museum Regensburg - Nina Schneider Illustration","og_description":"Ihr Lieben, herzliche Einladung zur Ausstellung &#8222;Sophias Frage&#8220; im Historischen Museum Regensburg! Die wunderbare Autorin Petra Bartoli\u00a0y Eckert hat zu Exponaten der Dauerausstellung tolle Kurzgeschichten verfasst und ich habe dazu auf W\u00e4nden, Vitrinen und Bodenplatten gro\u00dffl\u00e4chig illustriert. Er\u00f6ffnung ist diesen [&hellip;]","og_url":"https:\/\/nina-schneider.com\/?p=1998","og_site_name":"Nina Schneider Illustration","article_published_time":"2017-02-01T11:25:36+00:00","article_modified_time":"2017-02-01T11:26:05+00:00","og_image":[{"width":1206,"height":1206,"url":"https:\/\/nina-schneider.com\/wp-content\/uploads\/seek_peek2.jpg","type":"image\/jpeg"}],"author":"nina","twitter_card":"summary_large_image","twitter_misc":{"Verfasst von":"nina"},"schema":{"@context":"https:\/\/schema.org","@graph":[{"@type":"Article","@id":"https:\/\/nina-schneider.com\/?p=1998#article","isPartOf":{"@id":"https:\/\/nina-schneider.com\/?p=1998"},"author":{"name":"nina","@id":"https:\/\/nina-schneider.com\/#\/schema\/person\/c307f973025a90e959deab346cd6243e"},"headline":"Er\u00f6ffnung der Ausstellung &#8222;Sophias Frage&#8220; im Historischen Museum Regensburg","datePublished":"2017-02-01T11:25:36+00:00","dateModified":"2017-02-01T11:26:05+00:00","mainEntityOfPage":{"@id":"https:\/\/nina-schneider.com\/?p=1998"},"wordCount":104,"publisher":{"@id":"https:\/\/nina-schneider.com\/#organization"},"image":{"@id":"https:\/\/nina-schneider.com\/?p=1998#primaryimage"},"thumbnailUrl":"https:\/\/nina-schneider.com\/wp-content\/uploads\/seek_peek2.jpg","articleSection":{"1":"Illustration"},"inLanguage":"de"},{"@type":"WebPage","@id":"https:\/\/nina-schneider.com\/?p=1998","url":"https:\/\/nina-schneider.com\/?p=1998","name":"Er\u00f6ffnung der Ausstellung \"Sophias Frage\" im Historischen Museum Regensburg - Nina Schneider Illustration","isPartOf":{"@id":"https:\/\/nina-schneider.com\/#website"},"primaryImageOfPage":{"@id":"https:\/\/nina-schneider.com\/?p=1998#primaryimage"},"image":{"@id":"https:\/\/nina-schneider.com\/?p=1998#primaryimage"},"thumbnailUrl":"https:\/\/nina-schneider.com\/wp-content\/uploads\/seek_peek2.jpg","datePublished":"2017-02-01T11:25:36+00:00","dateModified":"2017-02-01T11:26:05+00:00","breadcrumb":{"@id":"https:\/\/nina-schneider.com\/?p=1998#breadcrumb"},"inLanguage":"de","potentialAction":[{"@type":"ReadAction","target":["https:\/\/nina-schneider.com\/?p=1998"]}]},{"@type":"ImageObject","inLanguage":"de","@id":"https:\/\/nina-schneider.com\/?p=1998#primaryimage","url":"https:\/\/nina-schneider.com\/wp-content\/uploads\/seek_peek2.jpg","contentUrl":"https:\/\/nina-schneider.com\/wp-content\/uploads\/seek_peek2.jpg","width":1206,"height":1206},{"@type":"BreadcrumbList","@id":"https:\/\/nina-schneider.com\/?p=1998#breadcrumb","itemListElement":[{"@type":"ListItem","position":1,"name":"Startseite","item":"https:\/\/nina-schneider.com\/"},{"@type":"ListItem","position":2,"name":"Er\u00f6ffnung der Ausstellung &#8222;Sophias Frage&#8220; im Historischen Museum Regensburg"}]},{"@type":"WebSite","@id":"https:\/\/nina-schneider.com\/#website","url":"https:\/\/nina-schneider.com\/","name":"Nina Schneider Illustration","description":"+49 (0)151 419 362 21 post(at)nina-schneider.com","publisher":{"@id":"https:\/\/nina-schneider.com\/#organization"},"potentialAction":[{"@type":"SearchAction","target":{"@type":"EntryPoint","urlTemplate":"https:\/\/nina-schneider.com\/?s={search_term_string}"},"query-input":{"@type":"PropertyValueSpecification","valueRequired":true,"valueName":"search_term_string"}}],"inLanguage":"de"},{"@type":"Organization","@id":"https:\/\/nina-schneider.com\/#organization","name":"Nina Schneider Illustration","url":"https:\/\/nina-schneider.com\/","logo":{"@type":"ImageObject","inLanguage":"de","@id":"https:\/\/nina-schneider.com\/#\/schema\/logo\/image\/","url":"https:\/\/nina-schneider.com\/wp-content\/uploads\/logo_transparent.png","contentUrl":"https:\/\/nina-schneider.com\/wp-content\/uploads\/logo_transparent.png","width":600,"height":132,"caption":"Nina Schneider Illustration"},"image":{"@id":"https:\/\/nina-schneider.com\/#\/schema\/logo\/image\/"},"sameAs":["https:\/\/www.instagram.com\/illustration_nina_schneider\/"]},{"@type":"Person","@id":"https:\/\/nina-schneider.com\/#\/schema\/person\/c307f973025a90e959deab346cd6243e","name":"nina","image":{"@type":"ImageObject","inLanguage":"de","@id":"https:\/\/secure.gravatar.com\/avatar\/f3c9acc5d4566622f86fae90c42e1f452d313324c9f7c0996d051a1d3e81fff6?s=96&d=mm&r=g","url":"https:\/\/secure.gravatar.com\/avatar\/f3c9acc5d4566622f86fae90c42e1f452d313324c9f7c0996d051a1d3e81fff6?s=96&d=mm&r=g","contentUrl":"https:\/\/secure.gravatar.com\/avatar\/f3c9acc5d4566622f86fae90c42e1f452d313324c9f7c0996d051a1d3e81fff6?s=96&d=mm&r=g","caption":"nina"},"url":"https:\/\/nina-schneider.com\/?author=1"}]}},"_links":{"self":[{"href":"https:\/\/nina-schneider.com\/index.php?rest_route=\/wp\/v2\/posts\/1998","targetHints":{"allow":["GET"]}}],"collection":[{"href":"https:\/\/nina-schneider.com\/index.php?rest_route=\/wp\/v2\/posts"}],"about":[{"href":"https:\/\/nina-schneider.com\/index.php?rest_route=\/wp\/v2\/types\/post"}],"author":[{"embeddable":true,"href":"https:\/\/nina-schneider.com\/index.php?rest_route=\/wp\/v2\/users\/1"}],"replies":[{"embeddable":true,"href":"https:\/\/nina-schneider.com\/index.php?rest_route=%2Fwp%2Fv2%2Fcomments&post=1998"}],"version-history":[{"count":3,"href":"https:\/\/nina-schneider.com\/index.php?rest_route=\/wp\/v2\/posts\/1998\/revisions"}],"predecessor-version":[{"id":2005,"href":"https:\/\/nina-schneider.com\/index.php?rest_route=\/wp\/v2\/posts\/1998\/revisions\/2005"}],"wp:featuredmedia":[{"embeddable":true,"href":"https:\/\/nina-schneider.com\/index.php?rest_route=\/wp\/v2\/media\/2002"}],"wp:attachment":[{"href":"https:\/\/nina-schneider.com\/index.php?rest_route=%2Fwp%2Fv2%2Fmedia&parent=1998"}],"wp:term":[{"taxonomy":"category","embeddable":true,"href":"https:\/\/nina-schneider.com\/index.php?rest_route=%2Fwp%2Fv2%2Fcategories&post=1998"},{"taxonomy":"post_tag","embeddable":true,"href":"https:\/\/nina-schneider.com\/index.php?rest_route=%2Fwp%2Fv2%2Ftags&post=1998"}],"curies":[{"name":"wp","href":"https:\/\/api.w.org\/{rel}","templated":true}]}}