{"id":1487,"date":"2014-07-07T22:03:31","date_gmt":"2014-07-07T20:03:31","guid":{"rendered":"http:\/\/nina-schneider.com\/?p=1487"},"modified":"2014-07-07T22:03:31","modified_gmt":"2014-07-07T20:03:31","slug":"ich-bin-drin-ab-august-2014-im-freistil-5","status":"publish","type":"post","link":"https:\/\/nina-schneider.com\/?p=1487","title":{"rendered":"Ich bin drin: Ab August 2014 im FREISTIL 5"},"content":{"rendered":"<blockquote><p>F\u00fcnf Jahre sind seit dem letzten Freistil vergangen. F\u00fcnf Jahre, in denen sich die Szene weiter entwickelt hat, besser geworden ist, noch besser! Deshalb wurde es Zeit f\u00fcr ein neues Freistil. Seit wir Freistil vor 11 Jahren an den Start schickten hat sich viel ver\u00e4ndert: Illustration hat ein neues Selbstbewusstsein entwickelt und ist ebenso selbstverst\u00e4ndlicher wie ma\u00dfgeblicher Teil der Medienwelt geworden. Und Freistil hat manche Illustratoren-Karriere befl\u00fcgelt und manchen Auftraggeber neue Talente entdecken lassen. Damit das weiter geht, schrieben wir Freistil neu aus. Offen f\u00fcr neue Namen, neue Techniken, neue Medien. Aber auch f\u00fcr neue Arbeiten der Stars der Illuszene, denn nat\u00fcrlich entwickeln auch die sich weiter \u2026<\/p>\n<p>Die Zahl der Einsendungen \u00fcberw\u00e4ltigte die Jury: Qual der Wahl auf h\u00f6chstem Niveau!<\/p>\n<p>Das Ergebnis: 432 farbenfrohe Seiten, mit \u00fcber 500 farbigen Illustrationen von 192 Illustratoren, deren Arbeiten, Kontaktdaten und ihrem Mission-Statement. Gebunden in eigens f\u00fcr Freistil entworfenen Stoffstreifen einer spanischen Weberei \u2013 die eigentlich Stoff f\u00fcr die Produktion von Espadrilles webt. Summerfeeling und s\u00fcdliche Lebensfreude in Buchform!<\/p>\n<p>Quelle: http:\/\/www.typografie.de\/shop\/index.php\/de\/freistil-5.html<\/p>\n<p>Kaufbar: http:\/\/www.typografie.de\/shop\/index.php\/de\/freistil-5.html<br \/>\noder<\/p>\n<p>http:\/\/www.amazon.de\/Freistil-Die-200-besten-Illustratoren\/dp\/3874398625<\/p><\/blockquote>\n","protected":false},"excerpt":{"rendered":"<p>F\u00fcnf Jahre sind seit dem letzten Freistil vergangen. F\u00fcnf Jahre, in denen sich die Szene weiter entwickelt hat, besser geworden ist, noch besser! Deshalb wurde es Zeit f\u00fcr ein neues Freistil. Seit wir Freistil vor 11 Jahren an den Start [&hellip;]<\/p>\n","protected":false},"author":1,"featured_media":0,"comment_status":"closed","ping_status":"open","sticky":false,"template":"","format":"gallery","meta":{"footnotes":""},"categories":[1],"tags":[],"class_list":["post-1487","post","type-post","status-publish","format-gallery","hentry","category-allgemein","post_format-post-format-gallery"],"yoast_head":"<!-- This site is optimized with the Yoast SEO plugin v27.2 - https:\/\/yoast.com\/product\/yoast-seo-wordpress\/ -->\n<title>Ich bin drin: Ab August 2014 im FREISTIL 5 - Nina Schneider Illustration<\/title>\n<meta name=\"robots\" content=\"noindex, follow\" \/>\n<meta property=\"og:locale\" content=\"de_DE\" \/>\n<meta property=\"og:type\" content=\"article\" \/>\n<meta property=\"og:title\" content=\"Ich bin drin: Ab August 2014 im FREISTIL 5 - Nina Schneider Illustration\" \/>\n<meta property=\"og:description\" content=\"F\u00fcnf Jahre sind seit dem letzten Freistil vergangen. F\u00fcnf Jahre, in denen sich die Szene weiter entwickelt hat, besser geworden ist, noch besser! Deshalb wurde es Zeit f\u00fcr ein neues Freistil. Seit wir Freistil vor 11 Jahren an den Start [&hellip;]\" \/>\n<meta property=\"og:url\" content=\"https:\/\/nina-schneider.com\/?p=1487\" \/>\n<meta property=\"og:site_name\" content=\"Nina Schneider Illustration\" \/>\n<meta property=\"article:published_time\" content=\"2014-07-07T20:03:31+00:00\" \/>\n<meta property=\"og:image\" content=\"https:\/\/nina-schneider.com\/wp-content\/uploads\/nina_bunt.jpg\" \/>\n\t<meta property=\"og:image:width\" content=\"1742\" \/>\n\t<meta property=\"og:image:height\" content=\"1162\" \/>\n\t<meta property=\"og:image:type\" content=\"image\/jpeg\" \/>\n<meta name=\"author\" content=\"nina\" \/>\n<meta name=\"twitter:card\" content=\"summary_large_image\" \/>\n<meta name=\"twitter:label1\" content=\"Verfasst von\" \/>\n\t<meta name=\"twitter:data1\" content=\"nina\" \/>\n\t<meta name=\"twitter:label2\" content=\"Gesch\u00e4tzte Lesezeit\" \/>\n\t<meta name=\"twitter:data2\" content=\"1\u00a0Minute\" \/>\n<script type=\"application\/ld+json\" class=\"yoast-schema-graph\">{\"@context\":\"https:\/\/schema.org\",\"@graph\":[{\"@type\":\"Article\",\"@id\":\"https:\/\/nina-schneider.com\/?p=1487#article\",\"isPartOf\":{\"@id\":\"https:\/\/nina-schneider.com\/?p=1487\"},\"author\":{\"name\":\"nina\",\"@id\":\"https:\/\/nina-schneider.com\/#\/schema\/person\/c307f973025a90e959deab346cd6243e\"},\"headline\":\"Ich bin drin: Ab August 2014 im FREISTIL 5\",\"datePublished\":\"2014-07-07T20:03:31+00:00\",\"mainEntityOfPage\":{\"@id\":\"https:\/\/nina-schneider.com\/?p=1487\"},\"wordCount\":212,\"publisher\":{\"@id\":\"https:\/\/nina-schneider.com\/#organization\"},\"inLanguage\":\"de\"},{\"@type\":\"WebPage\",\"@id\":\"https:\/\/nina-schneider.com\/?p=1487\",\"url\":\"https:\/\/nina-schneider.com\/?p=1487\",\"name\":\"Ich bin drin: Ab August 2014 im FREISTIL 5 - Nina Schneider Illustration\",\"isPartOf\":{\"@id\":\"https:\/\/nina-schneider.com\/#website\"},\"datePublished\":\"2014-07-07T20:03:31+00:00\",\"breadcrumb\":{\"@id\":\"https:\/\/nina-schneider.com\/?p=1487#breadcrumb\"},\"inLanguage\":\"de\",\"potentialAction\":[{\"@type\":\"ReadAction\",\"target\":[\"https:\/\/nina-schneider.com\/?p=1487\"]}]},{\"@type\":\"BreadcrumbList\",\"@id\":\"https:\/\/nina-schneider.com\/?p=1487#breadcrumb\",\"itemListElement\":[{\"@type\":\"ListItem\",\"position\":1,\"name\":\"Startseite\",\"item\":\"https:\/\/nina-schneider.com\/\"},{\"@type\":\"ListItem\",\"position\":2,\"name\":\"Ich bin drin: Ab August 2014 im FREISTIL 5\"}]},{\"@type\":\"WebSite\",\"@id\":\"https:\/\/nina-schneider.com\/#website\",\"url\":\"https:\/\/nina-schneider.com\/\",\"name\":\"Nina Schneider Illustration\",\"description\":\"+49 (0)151 419 362 21 post(at)nina-schneider.com\",\"publisher\":{\"@id\":\"https:\/\/nina-schneider.com\/#organization\"},\"potentialAction\":[{\"@type\":\"SearchAction\",\"target\":{\"@type\":\"EntryPoint\",\"urlTemplate\":\"https:\/\/nina-schneider.com\/?s={search_term_string}\"},\"query-input\":{\"@type\":\"PropertyValueSpecification\",\"valueRequired\":true,\"valueName\":\"search_term_string\"}}],\"inLanguage\":\"de\"},{\"@type\":\"Organization\",\"@id\":\"https:\/\/nina-schneider.com\/#organization\",\"name\":\"Nina Schneider Illustration\",\"url\":\"https:\/\/nina-schneider.com\/\",\"logo\":{\"@type\":\"ImageObject\",\"inLanguage\":\"de\",\"@id\":\"https:\/\/nina-schneider.com\/#\/schema\/logo\/image\/\",\"url\":\"https:\/\/nina-schneider.com\/wp-content\/uploads\/logo_transparent.png\",\"contentUrl\":\"https:\/\/nina-schneider.com\/wp-content\/uploads\/logo_transparent.png\",\"width\":600,\"height\":132,\"caption\":\"Nina Schneider Illustration\"},\"image\":{\"@id\":\"https:\/\/nina-schneider.com\/#\/schema\/logo\/image\/\"},\"sameAs\":[\"https:\/\/www.instagram.com\/illustration_nina_schneider\/\"]},{\"@type\":\"Person\",\"@id\":\"https:\/\/nina-schneider.com\/#\/schema\/person\/c307f973025a90e959deab346cd6243e\",\"name\":\"nina\",\"image\":{\"@type\":\"ImageObject\",\"inLanguage\":\"de\",\"@id\":\"https:\/\/secure.gravatar.com\/avatar\/f3c9acc5d4566622f86fae90c42e1f452d313324c9f7c0996d051a1d3e81fff6?s=96&d=mm&r=g\",\"url\":\"https:\/\/secure.gravatar.com\/avatar\/f3c9acc5d4566622f86fae90c42e1f452d313324c9f7c0996d051a1d3e81fff6?s=96&d=mm&r=g\",\"contentUrl\":\"https:\/\/secure.gravatar.com\/avatar\/f3c9acc5d4566622f86fae90c42e1f452d313324c9f7c0996d051a1d3e81fff6?s=96&d=mm&r=g\",\"caption\":\"nina\"},\"url\":\"https:\/\/nina-schneider.com\/?author=1\"}]}<\/script>\n<!-- \/ Yoast SEO plugin. -->","yoast_head_json":{"title":"Ich bin drin: Ab August 2014 im FREISTIL 5 - Nina Schneider Illustration","robots":{"index":"noindex","follow":"follow"},"og_locale":"de_DE","og_type":"article","og_title":"Ich bin drin: Ab August 2014 im FREISTIL 5 - Nina Schneider Illustration","og_description":"F\u00fcnf Jahre sind seit dem letzten Freistil vergangen. F\u00fcnf Jahre, in denen sich die Szene weiter entwickelt hat, besser geworden ist, noch besser! Deshalb wurde es Zeit f\u00fcr ein neues Freistil. Seit wir Freistil vor 11 Jahren an den Start [&hellip;]","og_url":"https:\/\/nina-schneider.com\/?p=1487","og_site_name":"Nina Schneider Illustration","article_published_time":"2014-07-07T20:03:31+00:00","og_image":[{"width":1742,"height":1162,"url":"https:\/\/nina-schneider.com\/wp-content\/uploads\/nina_bunt.jpg","type":"image\/jpeg"}],"author":"nina","twitter_card":"summary_large_image","twitter_misc":{"Verfasst von":"nina","Gesch\u00e4tzte Lesezeit":"1\u00a0Minute"},"schema":{"@context":"https:\/\/schema.org","@graph":[{"@type":"Article","@id":"https:\/\/nina-schneider.com\/?p=1487#article","isPartOf":{"@id":"https:\/\/nina-schneider.com\/?p=1487"},"author":{"name":"nina","@id":"https:\/\/nina-schneider.com\/#\/schema\/person\/c307f973025a90e959deab346cd6243e"},"headline":"Ich bin drin: Ab August 2014 im FREISTIL 5","datePublished":"2014-07-07T20:03:31+00:00","mainEntityOfPage":{"@id":"https:\/\/nina-schneider.com\/?p=1487"},"wordCount":212,"publisher":{"@id":"https:\/\/nina-schneider.com\/#organization"},"inLanguage":"de"},{"@type":"WebPage","@id":"https:\/\/nina-schneider.com\/?p=1487","url":"https:\/\/nina-schneider.com\/?p=1487","name":"Ich bin drin: Ab August 2014 im FREISTIL 5 - Nina Schneider Illustration","isPartOf":{"@id":"https:\/\/nina-schneider.com\/#website"},"datePublished":"2014-07-07T20:03:31+00:00","breadcrumb":{"@id":"https:\/\/nina-schneider.com\/?p=1487#breadcrumb"},"inLanguage":"de","potentialAction":[{"@type":"ReadAction","target":["https:\/\/nina-schneider.com\/?p=1487"]}]},{"@type":"BreadcrumbList","@id":"https:\/\/nina-schneider.com\/?p=1487#breadcrumb","itemListElement":[{"@type":"ListItem","position":1,"name":"Startseite","item":"https:\/\/nina-schneider.com\/"},{"@type":"ListItem","position":2,"name":"Ich bin drin: Ab August 2014 im FREISTIL 5"}]},{"@type":"WebSite","@id":"https:\/\/nina-schneider.com\/#website","url":"https:\/\/nina-schneider.com\/","name":"Nina Schneider Illustration","description":"+49 (0)151 419 362 21 post(at)nina-schneider.com","publisher":{"@id":"https:\/\/nina-schneider.com\/#organization"},"potentialAction":[{"@type":"SearchAction","target":{"@type":"EntryPoint","urlTemplate":"https:\/\/nina-schneider.com\/?s={search_term_string}"},"query-input":{"@type":"PropertyValueSpecification","valueRequired":true,"valueName":"search_term_string"}}],"inLanguage":"de"},{"@type":"Organization","@id":"https:\/\/nina-schneider.com\/#organization","name":"Nina Schneider Illustration","url":"https:\/\/nina-schneider.com\/","logo":{"@type":"ImageObject","inLanguage":"de","@id":"https:\/\/nina-schneider.com\/#\/schema\/logo\/image\/","url":"https:\/\/nina-schneider.com\/wp-content\/uploads\/logo_transparent.png","contentUrl":"https:\/\/nina-schneider.com\/wp-content\/uploads\/logo_transparent.png","width":600,"height":132,"caption":"Nina Schneider Illustration"},"image":{"@id":"https:\/\/nina-schneider.com\/#\/schema\/logo\/image\/"},"sameAs":["https:\/\/www.instagram.com\/illustration_nina_schneider\/"]},{"@type":"Person","@id":"https:\/\/nina-schneider.com\/#\/schema\/person\/c307f973025a90e959deab346cd6243e","name":"nina","image":{"@type":"ImageObject","inLanguage":"de","@id":"https:\/\/secure.gravatar.com\/avatar\/f3c9acc5d4566622f86fae90c42e1f452d313324c9f7c0996d051a1d3e81fff6?s=96&d=mm&r=g","url":"https:\/\/secure.gravatar.com\/avatar\/f3c9acc5d4566622f86fae90c42e1f452d313324c9f7c0996d051a1d3e81fff6?s=96&d=mm&r=g","contentUrl":"https:\/\/secure.gravatar.com\/avatar\/f3c9acc5d4566622f86fae90c42e1f452d313324c9f7c0996d051a1d3e81fff6?s=96&d=mm&r=g","caption":"nina"},"url":"https:\/\/nina-schneider.com\/?author=1"}]}},"_links":{"self":[{"href":"https:\/\/nina-schneider.com\/index.php?rest_route=\/wp\/v2\/posts\/1487","targetHints":{"allow":["GET"]}}],"collection":[{"href":"https:\/\/nina-schneider.com\/index.php?rest_route=\/wp\/v2\/posts"}],"about":[{"href":"https:\/\/nina-schneider.com\/index.php?rest_route=\/wp\/v2\/types\/post"}],"author":[{"embeddable":true,"href":"https:\/\/nina-schneider.com\/index.php?rest_route=\/wp\/v2\/users\/1"}],"replies":[{"embeddable":true,"href":"https:\/\/nina-schneider.com\/index.php?rest_route=%2Fwp%2Fv2%2Fcomments&post=1487"}],"version-history":[{"count":1,"href":"https:\/\/nina-schneider.com\/index.php?rest_route=\/wp\/v2\/posts\/1487\/revisions"}],"predecessor-version":[{"id":1488,"href":"https:\/\/nina-schneider.com\/index.php?rest_route=\/wp\/v2\/posts\/1487\/revisions\/1488"}],"wp:attachment":[{"href":"https:\/\/nina-schneider.com\/index.php?rest_route=%2Fwp%2Fv2%2Fmedia&parent=1487"}],"wp:term":[{"taxonomy":"category","embeddable":true,"href":"https:\/\/nina-schneider.com\/index.php?rest_route=%2Fwp%2Fv2%2Fcategories&post=1487"},{"taxonomy":"post_tag","embeddable":true,"href":"https:\/\/nina-schneider.com\/index.php?rest_route=%2Fwp%2Fv2%2Ftags&post=1487"}],"curies":[{"name":"wp","href":"https:\/\/api.w.org\/{rel}","templated":true}]}}